
{"id":31450,"date":"2013-10-23T19:36:03","date_gmt":"2013-10-23T22:36:03","guid":{"rendered":"http:\/\/www.sudoestehoje.com.br\/novoportal\/?p=31450"},"modified":"2013-10-23T19:36:03","modified_gmt":"2013-10-23T22:36:03","slug":"antonio-brito-aprova-relatorio-sobre-tuberculose-e-outras-doencas","status":"publish","type":"post","link":"https:\/\/www.sudoestehoje.com.br\/novoportal\/2013\/10\/23\/antonio-brito-aprova-relatorio-sobre-tuberculose-e-outras-doencas\/","title":{"rendered":"ANTONIO BRITO APROVA RELAT\u00d3RIO SOBRE TUBERCULOSE E OUTRAS DOEN\u00c7AS"},"content":{"rendered":"<p><a href=\"http:\/\/www.sudoestehoje.com.br\/novoportal\/wp-content\/uploads\/2013\/10\/BRITO.jpg\"><img loading=\"lazy\" decoding=\"async\" class=\"aligncenter size-medium wp-image-31451\" alt=\"BRITO\" src=\"http:\/\/www.sudoestehoje.com.br\/novoportal\/wp-content\/uploads\/2013\/10\/BRITO-500x268.jpg\" width=\"500\" height=\"268\" srcset=\"https:\/\/www.sudoestehoje.com.br\/novoportal\/wp-content\/uploads\/2013\/10\/BRITO-500x268.jpg 500w, https:\/\/www.sudoestehoje.com.br\/novoportal\/wp-content\/uploads\/2013\/10\/BRITO.jpg 595w\" sizes=\"auto, (max-width: 500px) 100vw, 500px\" \/><\/a><\/p>\n<p>Foi aprovado hoje por unanimidade o relat\u00f3rio da subcomiss\u00e3o que trata de Doen\u00e7as Relacionadas \u00e0 Pobreza, ligada \u00e0 Comiss\u00e3o de Seguridade Social e Fam\u00edlia da C\u00e2mara Federal, que teve como relator o deputado federal Antonio Brito (PTB) e foi presidida pela deputada Benedita da Silva (PT-RJ).<\/p>\n<p>Durante seis meses, Brito realizou audi\u00eancias p\u00fablicas e enviou question\u00e1rios para quase uma centena de \u00f3rg\u00e3os que cuidam da sa\u00fade, tra\u00e7ando um panorama da situa\u00e7\u00e3o em que se encontram as pol\u00edticas relacionadas \u00e0 tuberculose, hansen\u00edase, doen\u00e7a de chagas, esquistossomose e mal\u00e1ria, entre outras. Os trabalhos se concentraram na tuberculose, enfermidade que registra 71 mil casos novos a cada ano, com uma morte a cada duas horas, totalizando cerca de 4.600 mortes anuais.<!--more--><\/p>\n<p>O deputado Antonio Brito destacou a atua\u00e7\u00e3o dos programas do Brasil Sem Mis\u00e9ria, em especial a transfer\u00eancia de renda, que fez com que os \u00edndices fossem derrubados. Entre as propostas de a\u00e7\u00e3o, est\u00e3o a recomenda\u00e7\u00e3o para a inclus\u00e3o dos doentes nos programas de distribui\u00e7\u00e3o de renda; concess\u00e3o de algum tipo de incentivo e facilidade para o t\u00e9rmino do tratamento; e viabiliza\u00e7\u00e3o do passe livre no transporte p\u00fablico para as pessoas em tratamento de tuberculose e hansen\u00edase e que se encontram em situa\u00e7\u00e3o de vulnerabilidade.<\/p>\n<p>A Comiss\u00e3o de Seguridade Social e Fam\u00edlia vai agora publicar o relat\u00f3rio e envi\u00e1-lo para secretarias de sa\u00fade municipais e estaduais e \u00f3rg\u00e3os que cuidam de pesquisa e combate \u00e0s doen\u00e7as para que haja uma intera\u00e7\u00e3o entre as pol\u00edticas p\u00fablicas.<\/p>\n","protected":false},"excerpt":{"rendered":"<p>Foi aprovado hoje por unanimidade o relat\u00f3rio da subcomiss\u00e3o que trata de Doen\u00e7as Relacionadas \u00e0 Pobreza, ligada \u00e0 Comiss\u00e3o de Seguridade Social e Fam\u00edlia da C\u00e2mara Federal, que teve como relator o deputado federal Antonio Brito (PTB) e foi presidida pela deputada Benedita da Silva (PT-RJ). Durante seis meses, Brito realizou audi\u00eancias p\u00fablicas e enviou [&hellip;]<\/p>\n","protected":false},"author":2,"featured_media":0,"comment_status":"open","ping_status":"open","sticky":false,"template":"","format":"standard","meta":{"footnotes":"","_links_to":"","_links_to_target":""},"categories":[1],"tags":[],"class_list":["post-31450","post","type-post","status-publish","format-standard","hentry","category-geral"],"views":1162,"_links":{"self":[{"href":"https:\/\/www.sudoestehoje.com.br\/novoportal\/wp-json\/wp\/v2\/posts\/31450","targetHints":{"allow":["GET"]}}],"collection":[{"href":"https:\/\/www.sudoestehoje.com.br\/novoportal\/wp-json\/wp\/v2\/posts"}],"about":[{"href":"https:\/\/www.sudoestehoje.com.br\/novoportal\/wp-json\/wp\/v2\/types\/post"}],"author":[{"embeddable":true,"href":"https:\/\/www.sudoestehoje.com.br\/novoportal\/wp-json\/wp\/v2\/users\/2"}],"replies":[{"embeddable":true,"href":"https:\/\/www.sudoestehoje.com.br\/novoportal\/wp-json\/wp\/v2\/comments?post=31450"}],"version-history":[{"count":1,"href":"https:\/\/www.sudoestehoje.com.br\/novoportal\/wp-json\/wp\/v2\/posts\/31450\/revisions"}],"predecessor-version":[{"id":31452,"href":"https:\/\/www.sudoestehoje.com.br\/novoportal\/wp-json\/wp\/v2\/posts\/31450\/revisions\/31452"}],"wp:attachment":[{"href":"https:\/\/www.sudoestehoje.com.br\/novoportal\/wp-json\/wp\/v2\/media?parent=31450"}],"wp:term":[{"taxonomy":"category","embeddable":true,"href":"https:\/\/www.sudoestehoje.com.br\/novoportal\/wp-json\/wp\/v2\/categories?post=31450"},{"taxonomy":"post_tag","embeddable":true,"href":"https:\/\/www.sudoestehoje.com.br\/novoportal\/wp-json\/wp\/v2\/tags?post=31450"}],"curies":[{"name":"wp","href":"https:\/\/api.w.org\/{rel}","templated":true}]}}