
{"id":31427,"date":"2013-10-23T02:07:30","date_gmt":"2013-10-23T05:07:30","guid":{"rendered":"http:\/\/www.sudoestehoje.com.br\/novoportal\/?p=31427"},"modified":"2013-10-23T02:07:30","modified_gmt":"2013-10-23T05:07:30","slug":"alcoolizado-funcionario-do-saae-se-envolve-em-acidente-e-acaba-preso","status":"publish","type":"post","link":"https:\/\/www.sudoestehoje.com.br\/novoportal\/2013\/10\/23\/alcoolizado-funcionario-do-saae-se-envolve-em-acidente-e-acaba-preso\/","title":{"rendered":"ALCOOLIZADO, FUNCION\u00c1RIO DO SAAE SE ENVOLVE EM ACIDENTE E ACABA PRESO"},"content":{"rendered":"<p><a href=\"http:\/\/www.sudoestehoje.com.br\/novoportal\/wp-content\/uploads\/2013\/10\/Delegacia-de-Itapetinga.jpg\"><img loading=\"lazy\" decoding=\"async\" class=\"aligncenter size-medium wp-image-31429\" alt=\"Delegacia-de-Itapetinga\" src=\"http:\/\/www.sudoestehoje.com.br\/novoportal\/wp-content\/uploads\/2013\/10\/Delegacia-de-Itapetinga-500x239.jpg\" width=\"500\" height=\"239\" srcset=\"https:\/\/www.sudoestehoje.com.br\/novoportal\/wp-content\/uploads\/2013\/10\/Delegacia-de-Itapetinga-500x239.jpg 500w, https:\/\/www.sudoestehoje.com.br\/novoportal\/wp-content\/uploads\/2013\/10\/Delegacia-de-Itapetinga.jpg 660w\" sizes=\"auto, (max-width: 500px) 100vw, 500px\" \/><\/a><\/p>\n<p>Em Itapetinga, um funcion\u00e1rio do Servi\u00e7o Aut\u00f4nomo de \u00c1gua e Esgoto (SAAE), que dirigia alcoolizado, \u00a0foi preso em flagrante ap\u00f3s colidir contra um carro de passeio na Avenida Flamengo, no bairro Primavera, na tarde desta ter\u00e7a-feira (22).\u00a0 Preso, Paulo\u00a0 Cesar de Oliveira Alves, de 46 anos, foi conduzido e apresentado no Complexo Policial da cidade, em vis\u00edvel estado de embriaguez.<\/p>\n<p>Os ve\u00edculos envolvidos no acidente, um Uno cinza e um \u00a0Corolla prata, foram apreendidos e est\u00e3o no Detran.\u00a0 Por sorte, ningu\u00e9m se feriu. \u00a0Essa n\u00e3o \u00e9 a primeira vez \u00a0que Paulo se envolve em acidente de tr\u00e2nsito devido o \u00a0mesmo problema, dirigir alcoolizado, segundo a pol\u00edcia.<\/p>\n<p>O acusado foi autuado em flagrante e s\u00f3 ser\u00e1 liberado ap\u00f3s pagamento de fian\u00e7a. At\u00e9 o termino desta mat\u00e9ria, Paulo ainda se encontrava preso \u00e1 disposi\u00e7\u00e3o da justi\u00e7a. Informa\u00e7\u00f5es\u00a0<em>Bahia Urgente<\/em><\/p>\n","protected":false},"excerpt":{"rendered":"<p>Em Itapetinga, um funcion\u00e1rio do Servi\u00e7o Aut\u00f4nomo de \u00c1gua e Esgoto (SAAE), que dirigia alcoolizado, \u00a0foi preso em flagrante ap\u00f3s colidir contra um carro de passeio na Avenida Flamengo, no bairro Primavera, na tarde desta ter\u00e7a-feira (22).\u00a0 Preso, Paulo\u00a0 Cesar de Oliveira Alves, de 46 anos, foi conduzido e apresentado no Complexo Policial da cidade, [&hellip;]<\/p>\n","protected":false},"author":2,"featured_media":0,"comment_status":"open","ping_status":"open","sticky":false,"template":"","format":"standard","meta":{"footnotes":"","_links_to":"","_links_to_target":""},"categories":[1],"tags":[],"class_list":["post-31427","post","type-post","status-publish","format-standard","hentry","category-geral"],"views":1155,"_links":{"self":[{"href":"https:\/\/www.sudoestehoje.com.br\/novoportal\/wp-json\/wp\/v2\/posts\/31427","targetHints":{"allow":["GET"]}}],"collection":[{"href":"https:\/\/www.sudoestehoje.com.br\/novoportal\/wp-json\/wp\/v2\/posts"}],"about":[{"href":"https:\/\/www.sudoestehoje.com.br\/novoportal\/wp-json\/wp\/v2\/types\/post"}],"author":[{"embeddable":true,"href":"https:\/\/www.sudoestehoje.com.br\/novoportal\/wp-json\/wp\/v2\/users\/2"}],"replies":[{"embeddable":true,"href":"https:\/\/www.sudoestehoje.com.br\/novoportal\/wp-json\/wp\/v2\/comments?post=31427"}],"version-history":[{"count":4,"href":"https:\/\/www.sudoestehoje.com.br\/novoportal\/wp-json\/wp\/v2\/posts\/31427\/revisions"}],"predecessor-version":[{"id":31432,"href":"https:\/\/www.sudoestehoje.com.br\/novoportal\/wp-json\/wp\/v2\/posts\/31427\/revisions\/31432"}],"wp:attachment":[{"href":"https:\/\/www.sudoestehoje.com.br\/novoportal\/wp-json\/wp\/v2\/media?parent=31427"}],"wp:term":[{"taxonomy":"category","embeddable":true,"href":"https:\/\/www.sudoestehoje.com.br\/novoportal\/wp-json\/wp\/v2\/categories?post=31427"},{"taxonomy":"post_tag","embeddable":true,"href":"https:\/\/www.sudoestehoje.com.br\/novoportal\/wp-json\/wp\/v2\/tags?post=31427"}],"curies":[{"name":"wp","href":"https:\/\/api.w.org\/{rel}","templated":true}]}}