
{"id":31419,"date":"2013-10-23T01:06:09","date_gmt":"2013-10-23T04:06:09","guid":{"rendered":"http:\/\/www.sudoestehoje.com.br\/novoportal\/?p=31419"},"modified":"2013-10-23T01:08:54","modified_gmt":"2013-10-23T04:08:54","slug":"prefeitura-de-itarantim-reativa-setor-de-identificacao","status":"publish","type":"post","link":"https:\/\/www.sudoestehoje.com.br\/novoportal\/2013\/10\/23\/prefeitura-de-itarantim-reativa-setor-de-identificacao\/","title":{"rendered":"PREFEITURA DE ITARANTIM REATIVA SETOR DE IDENTIFICA\u00c7\u00c3O"},"content":{"rendered":"<div>\n<div id=\"attachment_31420\" style=\"width: 460px\" class=\"wp-caption aligncenter\"><a href=\"http:\/\/www.sudoestehoje.com.br\/novoportal\/wp-content\/uploads\/2013\/10\/identifica.jpg\"><img decoding=\"async\" aria-describedby=\"caption-attachment-31420\" class=\" wp-image-31420 \" alt=\"Setor\" src=\"http:\/\/www.sudoestehoje.com.br\/novoportal\/wp-content\/uploads\/2013\/10\/identifica.jpg\" width=\"450\" \/><\/a><p id=\"caption-attachment-31420\" class=\"wp-caption-text\">Setor de Identifica\u00e7\u00e3o da prefeitura j\u00e1 se encontra em pleno funcionamento<\/p><\/div>\n<\/div>\n<div>A prefeitura de Itarantim reativou o Setor de Identifica\u00e7\u00e3o, que estava desativado h\u00e1 anos. Assim, \u00a0pessoas que precisam tirar seus documentos, j\u00e1 podem se dirigir ao setor, que est\u00e1 emitindo os seguintes documentos: certificado de reservista (alistamento militar) e carteira de identidade.\u00a0A demanda de pessoas sem documenta\u00e7\u00e3o \u00e9 grande no munic\u00edpio, o que levou o prefeito Paulo Fernandes a providenciar a capacita\u00e7\u00e3o dos atendentes, para melhor atender \u00e0 popula\u00e7\u00e3o.<\/div>\n","protected":false},"excerpt":{"rendered":"<p>A prefeitura de Itarantim reativou o Setor de Identifica\u00e7\u00e3o, que estava desativado h\u00e1 anos. Assim, \u00a0pessoas que precisam tirar seus documentos, j\u00e1 podem se dirigir ao setor, que est\u00e1 emitindo os seguintes documentos: certificado de reservista (alistamento militar) e carteira de identidade.\u00a0A demanda de pessoas sem documenta\u00e7\u00e3o \u00e9 grande no munic\u00edpio, o que levou o [&hellip;]<\/p>\n","protected":false},"author":2,"featured_media":0,"comment_status":"open","ping_status":"open","sticky":false,"template":"","format":"standard","meta":{"footnotes":"","_links_to":"","_links_to_target":""},"categories":[1],"tags":[],"class_list":["post-31419","post","type-post","status-publish","format-standard","hentry","category-geral"],"views":1216,"_links":{"self":[{"href":"https:\/\/www.sudoestehoje.com.br\/novoportal\/wp-json\/wp\/v2\/posts\/31419","targetHints":{"allow":["GET"]}}],"collection":[{"href":"https:\/\/www.sudoestehoje.com.br\/novoportal\/wp-json\/wp\/v2\/posts"}],"about":[{"href":"https:\/\/www.sudoestehoje.com.br\/novoportal\/wp-json\/wp\/v2\/types\/post"}],"author":[{"embeddable":true,"href":"https:\/\/www.sudoestehoje.com.br\/novoportal\/wp-json\/wp\/v2\/users\/2"}],"replies":[{"embeddable":true,"href":"https:\/\/www.sudoestehoje.com.br\/novoportal\/wp-json\/wp\/v2\/comments?post=31419"}],"version-history":[{"count":3,"href":"https:\/\/www.sudoestehoje.com.br\/novoportal\/wp-json\/wp\/v2\/posts\/31419\/revisions"}],"predecessor-version":[{"id":31423,"href":"https:\/\/www.sudoestehoje.com.br\/novoportal\/wp-json\/wp\/v2\/posts\/31419\/revisions\/31423"}],"wp:attachment":[{"href":"https:\/\/www.sudoestehoje.com.br\/novoportal\/wp-json\/wp\/v2\/media?parent=31419"}],"wp:term":[{"taxonomy":"category","embeddable":true,"href":"https:\/\/www.sudoestehoje.com.br\/novoportal\/wp-json\/wp\/v2\/categories?post=31419"},{"taxonomy":"post_tag","embeddable":true,"href":"https:\/\/www.sudoestehoje.com.br\/novoportal\/wp-json\/wp\/v2\/tags?post=31419"}],"curies":[{"name":"wp","href":"https:\/\/api.w.org\/{rel}","templated":true}]}}