
{"id":31388,"date":"2013-10-21T21:42:18","date_gmt":"2013-10-22T00:42:18","guid":{"rendered":"http:\/\/www.sudoestehoje.com.br\/novoportal\/?p=31388"},"modified":"2013-10-21T21:42:18","modified_gmt":"2013-10-22T00:42:18","slug":"ze-carlos-prometeu-construir-o-predio-do-iml-em-2011-e-esqueceu","status":"publish","type":"post","link":"https:\/\/www.sudoestehoje.com.br\/novoportal\/2013\/10\/21\/ze-carlos-prometeu-construir-o-predio-do-iml-em-2011-e-esqueceu\/","title":{"rendered":"Z\u00c9 CARLOS PROMETEU CONSTRUIR O PR\u00c9DIO DO IML EM 2011 E ESQUECEU"},"content":{"rendered":"<div id=\"attachment_31389\" style=\"width: 410px\" class=\"wp-caption aligncenter\"><a href=\"http:\/\/www.sudoestehoje.com.br\/novoportal\/wp-content\/uploads\/2013\/10\/dpt2.jpg\"><img decoding=\"async\" aria-describedby=\"caption-attachment-31389\" class=\" wp-image-31389 \" alt=\"Em abril de\" src=\"http:\/\/www.sudoestehoje.com.br\/novoportal\/wp-content\/uploads\/2013\/10\/dpt2.jpg\" width=\"400\" \/><\/a><p id=\"caption-attachment-31389\" class=\"wp-caption-text\">Em abril de 2011, equipe do DPT esteve em Itapetinga para conhecer o terreno do IML, no Complexo Policial. Z\u00e9 Carlos prometeu construir o pr\u00e9dio, e at\u00e9 hoje&#8230;<\/p><\/div>\n<p>ITAPETINGA: Desde que o Hospital Cristo Redentor, anos atr\u00e1s, foi desautorizado pelo Governo do Estado a realizar necr\u00f3psias nos corpos de pessoas mortas de forma violenta (acidentes, homic\u00eddios), muitas fam\u00edlias itapetinguenses t\u00eam passado por mais um sofrimento desnecess\u00e1rio e desumano, sendo obrigadas a esperar horas, e \u00e0s vezes dias, para velar e sepultar seus entes queridos, como aconteceu no caso do amigo Jun\u00f4, neste domingo, cujo corpo s\u00f3 foi liberado 24 horas ap\u00f3s sua morte, e o sepultamento teve que ser realizado \u00e0s pressas, sem que a fam\u00edlia pudesse realizar o vel\u00f3rio, como ele merecia.<\/p>\n<p>A cada acidente que ocorre, assistimos a esse sofrimento, e em alguns situa\u00e7\u00f5es, os familiares das pessoas mortas se revoltam durante a espera para libera\u00e7\u00e3o dos corpos, pelo IML de Vit\u00f3ria da Conquista, que n\u00e3o d\u00e1 conta nem dos seus mortos, mas tem que atender a toda a regi\u00e3o.<\/p>\n<p>Promessas para a constru\u00e7\u00e3o do IML de Itapetinga se renovam a cada dia, mas depois caem no esquecimento, j\u00e1 que os pol\u00edticos ligados ao governo entendem que necrot\u00e9rio n\u00e3o \u00e9 prioridade, porque, segundo eles &#8220;defunto n\u00e3o vota&#8221;, esquecendo-se, evidentemente, dos familiares e seu sofrimento.<\/p>\n<p>A \u00faltima promessa de constru\u00e7\u00e3o do IML foi feita em abril de 2011, pelo pr\u00f3prio prefeito, durante uma visita do diretor do DPT da Bahia, que garantiu os equipamentos, m\u00e9dicos, t\u00e9cnicos e tudo que fosse necess\u00e1rio para o seu funcionamento, ainda em 2011. De l\u00e1 para c\u00e1, tudo caiu no esquecimento e as necr\u00f3psias continuam sendo realizadas em Conquista.<\/p>\n<p>Confira a promessa nos v\u00eddeos abaixo, gravado pelo Itapetinga na M\u00eddia, em abril de 2011:<\/p>\n<p><iframe loading=\"lazy\" title=\"Itapetinga na M\u00eddia acompanha equipe do DPT e prefeitura no Complexo Policial para constru\u00e7\u00e3o IML\" width=\"500\" height=\"375\" src=\"https:\/\/www.youtube.com\/embed\/sdruDKHaVrM?feature=oembed\" frameborder=\"0\" allow=\"accelerometer; autoplay; clipboard-write; encrypted-media; gyroscope; picture-in-picture; web-share\" referrerpolicy=\"strict-origin-when-cross-origin\" allowfullscreen><\/iframe><\/p>\n<p><iframe loading=\"lazy\" title=\"Itapetinga na M\u00eddia entrevista Dr  Jo\u00e3o Costa do DPT sobre constru\u00e7\u00e3o do IML\" width=\"500\" height=\"375\" src=\"https:\/\/www.youtube.com\/embed\/awml5qbEGKY?feature=oembed\" frameborder=\"0\" allow=\"accelerometer; autoplay; clipboard-write; encrypted-media; gyroscope; picture-in-picture; web-share\" referrerpolicy=\"strict-origin-when-cross-origin\" allowfullscreen><\/iframe><\/p>\n<p><strong><em>Por Davi Ferraz<\/em><\/strong><\/p>\n<p>&nbsp;<\/p>\n","protected":false},"excerpt":{"rendered":"<p>ITAPETINGA: Desde que o Hospital Cristo Redentor, anos atr\u00e1s, foi desautorizado pelo Governo do Estado a realizar necr\u00f3psias nos corpos de pessoas mortas de forma violenta (acidentes, homic\u00eddios), muitas fam\u00edlias itapetinguenses t\u00eam passado por mais um sofrimento desnecess\u00e1rio e desumano, sendo obrigadas a esperar horas, e \u00e0s vezes dias, para velar e sepultar seus entes [&hellip;]<\/p>\n","protected":false},"author":2,"featured_media":0,"comment_status":"open","ping_status":"open","sticky":false,"template":"","format":"standard","meta":{"footnotes":"","_links_to":"","_links_to_target":""},"categories":[1],"tags":[],"class_list":["post-31388","post","type-post","status-publish","format-standard","hentry","category-geral"],"views":1145,"_links":{"self":[{"href":"https:\/\/www.sudoestehoje.com.br\/novoportal\/wp-json\/wp\/v2\/posts\/31388","targetHints":{"allow":["GET"]}}],"collection":[{"href":"https:\/\/www.sudoestehoje.com.br\/novoportal\/wp-json\/wp\/v2\/posts"}],"about":[{"href":"https:\/\/www.sudoestehoje.com.br\/novoportal\/wp-json\/wp\/v2\/types\/post"}],"author":[{"embeddable":true,"href":"https:\/\/www.sudoestehoje.com.br\/novoportal\/wp-json\/wp\/v2\/users\/2"}],"replies":[{"embeddable":true,"href":"https:\/\/www.sudoestehoje.com.br\/novoportal\/wp-json\/wp\/v2\/comments?post=31388"}],"version-history":[{"count":5,"href":"https:\/\/www.sudoestehoje.com.br\/novoportal\/wp-json\/wp\/v2\/posts\/31388\/revisions"}],"predecessor-version":[{"id":31394,"href":"https:\/\/www.sudoestehoje.com.br\/novoportal\/wp-json\/wp\/v2\/posts\/31388\/revisions\/31394"}],"wp:attachment":[{"href":"https:\/\/www.sudoestehoje.com.br\/novoportal\/wp-json\/wp\/v2\/media?parent=31388"}],"wp:term":[{"taxonomy":"category","embeddable":true,"href":"https:\/\/www.sudoestehoje.com.br\/novoportal\/wp-json\/wp\/v2\/categories?post=31388"},{"taxonomy":"post_tag","embeddable":true,"href":"https:\/\/www.sudoestehoje.com.br\/novoportal\/wp-json\/wp\/v2\/tags?post=31388"}],"curies":[{"name":"wp","href":"https:\/\/api.w.org\/{rel}","templated":true}]}}