
{"id":31382,"date":"2013-10-21T16:13:49","date_gmt":"2013-10-21T19:13:49","guid":{"rendered":"http:\/\/www.sudoestehoje.com.br\/novoportal\/?p=31382"},"modified":"2013-10-21T16:13:49","modified_gmt":"2013-10-21T19:13:49","slug":"remedios-estao-perdendo-a-validade","status":"publish","type":"post","link":"https:\/\/www.sudoestehoje.com.br\/novoportal\/2013\/10\/21\/remedios-estao-perdendo-a-validade\/","title":{"rendered":"REM\u00c9DIOS EST\u00c3O PERDENDO A VALIDADE"},"content":{"rendered":"<p style=\"text-align: center;\"><a href=\"http:\/\/www.sudoestehoje.com.br\/novoportal\/wp-content\/uploads\/2013\/10\/remedio.jpg\"><img decoding=\"async\" class=\"aligncenter  wp-image-31383\" alt=\"remedio\" src=\"http:\/\/www.sudoestehoje.com.br\/novoportal\/wp-content\/uploads\/2013\/10\/remedio.jpg\" width=\"400\" \/><\/a><\/p>\n<p>Em \u00e9poca de inaugura\u00e7\u00e3o de farm\u00e1cia particular, com pompa de inaugura\u00e7\u00e3o oficial, a situa\u00e7\u00e3o da sa\u00fade p\u00fablica em Itapetinga se agrava, com enormes estoques de medicamentos e vacinas prestes a perder a validade, por falta de distribui\u00e7\u00e3o pela Secretaria Municipal de Sa\u00fade.<\/p>\n<p>Confira a den\u00fancia neste coment\u00e1rio postado com exclusividade no Sudoeste Hoje:<\/p>\n<p><em>&#8220;Davi, enquanto o pior prefeito da hist\u00f3ria de Itapetinga pousa em foto de inaugura\u00e7\u00e3o de uma farm\u00e1cia da rede particular, os Postos de Sa\u00fade (P.S.F.) est\u00e3o sem rem\u00e9dios e sem vacina.<\/em><\/p>\n<p><em>E, o que \u00e9 pior, enorme quantidade de medicamentos e de vacinas existentes nos estoques da DIRES de Itapetinga est\u00e3o se aproximando do vencimento de validade. Ou seja, v\u00e3o perder a validade.<\/em><\/p>\n<p><em>Voc\u00ea quer saber o porqu\u00ea desses rem\u00e9dios n\u00e3o est\u00e3o sendo enviados para os PSF para atender a popula\u00e7\u00e3o carente?<\/em><\/p>\n<p><em>RESPOSTA: Alguns \u201crespons\u00e1veis\u201d da Prefeitura alegam que n\u00e3o h\u00e1 autom\u00f3veis dispon\u00edveis para buscar esses rem\u00e9dios na DIRES e transport\u00e1-los at\u00e9 os PSF\u2019s localizados nos bairros.<\/em><\/p>\n<p><em>Enquanto isso, os diversos carros locados pela Prefeitura ficam zanzando pela cidade, em bares e em deslocamentos de interesses particulares de propriet\u00e1rios dos autom\u00f3veis e de alguns \u201csortudos\u201d e fantasmas da Prefeitura.&#8221;<\/em><\/p>\n<p>Com a palavra, a nova secret\u00e1ria e, evidentemente, a Dires.<\/p>\n<p><strong><em>Por Davi Ferraz<\/em><\/strong><\/p>\n","protected":false},"excerpt":{"rendered":"<p>Em \u00e9poca de inaugura\u00e7\u00e3o de farm\u00e1cia particular, com pompa de inaugura\u00e7\u00e3o oficial, a situa\u00e7\u00e3o da sa\u00fade p\u00fablica em Itapetinga se agrava, com enormes estoques de medicamentos e vacinas prestes a perder a validade, por falta de distribui\u00e7\u00e3o pela Secretaria Municipal de Sa\u00fade. Confira a den\u00fancia neste coment\u00e1rio postado com exclusividade no Sudoeste Hoje: &#8220;Davi, enquanto [&hellip;]<\/p>\n","protected":false},"author":2,"featured_media":0,"comment_status":"open","ping_status":"open","sticky":false,"template":"","format":"standard","meta":{"footnotes":"","_links_to":"","_links_to_target":""},"categories":[1],"tags":[],"class_list":["post-31382","post","type-post","status-publish","format-standard","hentry","category-geral"],"views":1408,"_links":{"self":[{"href":"https:\/\/www.sudoestehoje.com.br\/novoportal\/wp-json\/wp\/v2\/posts\/31382","targetHints":{"allow":["GET"]}}],"collection":[{"href":"https:\/\/www.sudoestehoje.com.br\/novoportal\/wp-json\/wp\/v2\/posts"}],"about":[{"href":"https:\/\/www.sudoestehoje.com.br\/novoportal\/wp-json\/wp\/v2\/types\/post"}],"author":[{"embeddable":true,"href":"https:\/\/www.sudoestehoje.com.br\/novoportal\/wp-json\/wp\/v2\/users\/2"}],"replies":[{"embeddable":true,"href":"https:\/\/www.sudoestehoje.com.br\/novoportal\/wp-json\/wp\/v2\/comments?post=31382"}],"version-history":[{"count":2,"href":"https:\/\/www.sudoestehoje.com.br\/novoportal\/wp-json\/wp\/v2\/posts\/31382\/revisions"}],"predecessor-version":[{"id":31385,"href":"https:\/\/www.sudoestehoje.com.br\/novoportal\/wp-json\/wp\/v2\/posts\/31382\/revisions\/31385"}],"wp:attachment":[{"href":"https:\/\/www.sudoestehoje.com.br\/novoportal\/wp-json\/wp\/v2\/media?parent=31382"}],"wp:term":[{"taxonomy":"category","embeddable":true,"href":"https:\/\/www.sudoestehoje.com.br\/novoportal\/wp-json\/wp\/v2\/categories?post=31382"},{"taxonomy":"post_tag","embeddable":true,"href":"https:\/\/www.sudoestehoje.com.br\/novoportal\/wp-json\/wp\/v2\/tags?post=31382"}],"curies":[{"name":"wp","href":"https:\/\/api.w.org\/{rel}","templated":true}]}}