
{"id":31357,"date":"2013-10-18T10:39:44","date_gmt":"2013-10-18T13:39:44","guid":{"rendered":"http:\/\/www.sudoestehoje.com.br\/novoportal\/?p=31357"},"modified":"2013-10-18T10:39:44","modified_gmt":"2013-10-18T13:39:44","slug":"adutora-do-catole-na-reta-final","status":"publish","type":"post","link":"https:\/\/www.sudoestehoje.com.br\/novoportal\/2013\/10\/18\/adutora-do-catole-na-reta-final\/","title":{"rendered":"ADUTORA DO CATOL\u00c9 NA RETA FINAL"},"content":{"rendered":"<p style=\"text-align: center;\"><a href=\"http:\/\/www.sudoestehoje.com.br\/novoportal\/wp-content\/uploads\/2013\/10\/Adutora.jpg\"><img decoding=\"async\" class=\"aligncenter  wp-image-31358\" alt=\"Adutora\" src=\"http:\/\/www.sudoestehoje.com.br\/novoportal\/wp-content\/uploads\/2013\/10\/Adutora.jpg\" width=\"500\" \/><\/a><\/p>\n<p>A obras de implanta\u00e7\u00e3o da adutora do Rio Catol\u00e9 est\u00e3o em ritmo acelerado. O gerente regional da Embasa, Jos\u00e9 Ol\u00edmpio, tem garantido que antes do m\u00eas de dezembro, o novo equipamento que permitir\u00e1 o bombeamento de \u00e1gua do Catol\u00e9 para as barragens de \u00c1gua Fria I e II, entrar\u00e1 em opera\u00e7\u00e3o.<\/p>\n<p>Enquanto a popula\u00e7\u00e3o de Vit\u00f3ria da Conquista aguarda com ansiedade, e at\u00e9 comemora a chegada d\u00e1 \u00e1gua do Catol\u00e9, os itapetinguenses est\u00e3o apreensivos quanto ao futuro do rio, que j\u00e1 est\u00e1 comprometido e pode n\u00e3o resistir a mais esse baque.<\/p>\n<p>Logo teremos a resposta definitiva para as nossas d\u00favidas&#8230;<\/p>\n<p><strong><em>Por Davi Ferraz\u00a0<\/em><\/strong><\/p>\n","protected":false},"excerpt":{"rendered":"<p>A obras de implanta\u00e7\u00e3o da adutora do Rio Catol\u00e9 est\u00e3o em ritmo acelerado. O gerente regional da Embasa, Jos\u00e9 Ol\u00edmpio, tem garantido que antes do m\u00eas de dezembro, o novo equipamento que permitir\u00e1 o bombeamento de \u00e1gua do Catol\u00e9 para as barragens de \u00c1gua Fria I e II, entrar\u00e1 em opera\u00e7\u00e3o. Enquanto a popula\u00e7\u00e3o de [&hellip;]<\/p>\n","protected":false},"author":2,"featured_media":0,"comment_status":"open","ping_status":"open","sticky":false,"template":"","format":"standard","meta":{"footnotes":"","_links_to":"","_links_to_target":""},"categories":[1],"tags":[],"class_list":["post-31357","post","type-post","status-publish","format-standard","hentry","category-geral"],"views":1167,"_links":{"self":[{"href":"https:\/\/www.sudoestehoje.com.br\/novoportal\/wp-json\/wp\/v2\/posts\/31357","targetHints":{"allow":["GET"]}}],"collection":[{"href":"https:\/\/www.sudoestehoje.com.br\/novoportal\/wp-json\/wp\/v2\/posts"}],"about":[{"href":"https:\/\/www.sudoestehoje.com.br\/novoportal\/wp-json\/wp\/v2\/types\/post"}],"author":[{"embeddable":true,"href":"https:\/\/www.sudoestehoje.com.br\/novoportal\/wp-json\/wp\/v2\/users\/2"}],"replies":[{"embeddable":true,"href":"https:\/\/www.sudoestehoje.com.br\/novoportal\/wp-json\/wp\/v2\/comments?post=31357"}],"version-history":[{"count":1,"href":"https:\/\/www.sudoestehoje.com.br\/novoportal\/wp-json\/wp\/v2\/posts\/31357\/revisions"}],"predecessor-version":[{"id":31359,"href":"https:\/\/www.sudoestehoje.com.br\/novoportal\/wp-json\/wp\/v2\/posts\/31357\/revisions\/31359"}],"wp:attachment":[{"href":"https:\/\/www.sudoestehoje.com.br\/novoportal\/wp-json\/wp\/v2\/media?parent=31357"}],"wp:term":[{"taxonomy":"category","embeddable":true,"href":"https:\/\/www.sudoestehoje.com.br\/novoportal\/wp-json\/wp\/v2\/categories?post=31357"},{"taxonomy":"post_tag","embeddable":true,"href":"https:\/\/www.sudoestehoje.com.br\/novoportal\/wp-json\/wp\/v2\/tags?post=31357"}],"curies":[{"name":"wp","href":"https:\/\/api.w.org\/{rel}","templated":true}]}}