
{"id":31344,"date":"2013-10-17T21:19:40","date_gmt":"2013-10-18T00:19:40","guid":{"rendered":"http:\/\/www.sudoestehoje.com.br\/novoportal\/?p=31344"},"modified":"2013-10-17T21:24:34","modified_gmt":"2013-10-18T00:24:34","slug":"posto-de-saude-do-clodoaldo-costa-esta-fechado-desde-segunda-feira","status":"publish","type":"post","link":"https:\/\/www.sudoestehoje.com.br\/novoportal\/2013\/10\/17\/posto-de-saude-do-clodoaldo-costa-esta-fechado-desde-segunda-feira\/","title":{"rendered":"POSTO DE SA\u00daDE DO CLODOALDO COSTA EST\u00c1 FECHADO DESDE SEGUNDA-FEIRA"},"content":{"rendered":"<p style=\"text-align: center;\"><a href=\"http:\/\/www.sudoestehoje.com.br\/novoportal\/wp-content\/uploads\/2013\/10\/saude_pede_socorro.jpg\"><img loading=\"lazy\" decoding=\"async\" class=\"aligncenter size-medium wp-image-31345\" alt=\"saude_pede_socorro\" src=\"http:\/\/www.sudoestehoje.com.br\/novoportal\/wp-content\/uploads\/2013\/10\/saude_pede_socorro-341x500.jpg\" width=\"341\" height=\"500\" srcset=\"https:\/\/www.sudoestehoje.com.br\/novoportal\/wp-content\/uploads\/2013\/10\/saude_pede_socorro-341x500.jpg 341w, https:\/\/www.sudoestehoje.com.br\/novoportal\/wp-content\/uploads\/2013\/10\/saude_pede_socorro-478x700.jpg 478w, https:\/\/www.sudoestehoje.com.br\/novoportal\/wp-content\/uploads\/2013\/10\/saude_pede_socorro.jpg 1094w\" sizes=\"auto, (max-width: 341px) 100vw, 341px\" \/><\/a><\/p>\n<p>ITAPETINGA: Recebemos a informa\u00e7\u00e3o de que \u00a0Posto de Sa\u00fade do bairro Clodoaldo Costa est\u00e1 fechado desde a \u00faltima segunda-feira, devido \u00e0 falta de material. Os profissionais que trabalham na unidade de sa\u00fade tamb\u00e9m alegam que o forro est\u00e1 para cair na cabe\u00e7a do povo, e que a instala\u00e7\u00e3o el\u00e9trica corre o risco de pagar fogo.<\/p>\n<p>Os funcion\u00e1rios e a popula\u00e7\u00e3o do bairro pedem socorro \u00e0s autoridades de Itapetinga e alegam: &#8220;n\u00e3o aguentamos mais uma administra\u00e7\u00e3o municipal t\u00e3o desastrosa como essa&#8221;.<\/p>\n<p>Apesar do caos instalado na sa\u00fade p\u00fablica em Itapetinga, a contrata\u00e7\u00e3o de assessores &#8216;especiais&#8217; pela nova secret\u00e1ria de sa\u00fade demonstra que s\u00f3 n\u00e3o existe recursos para o que mais importa: a aten\u00e7\u00e3o b\u00e1sica \u00e0 sa\u00fade, propriamente dita. Para encher os bolsos, h\u00e1 dinheiro de sobra.<\/p>\n<p><strong><em>Por Davi Ferraz \u00a0<\/em><\/strong><\/p>\n","protected":false},"excerpt":{"rendered":"<p>ITAPETINGA: Recebemos a informa\u00e7\u00e3o de que \u00a0Posto de Sa\u00fade do bairro Clodoaldo Costa est\u00e1 fechado desde a \u00faltima segunda-feira, devido \u00e0 falta de material. Os profissionais que trabalham na unidade de sa\u00fade tamb\u00e9m alegam que o forro est\u00e1 para cair na cabe\u00e7a do povo, e que a instala\u00e7\u00e3o el\u00e9trica corre o risco de pagar fogo. [&hellip;]<\/p>\n","protected":false},"author":2,"featured_media":0,"comment_status":"open","ping_status":"open","sticky":false,"template":"","format":"standard","meta":{"footnotes":"","_links_to":"","_links_to_target":""},"categories":[1],"tags":[],"class_list":["post-31344","post","type-post","status-publish","format-standard","hentry","category-geral"],"views":3151,"_links":{"self":[{"href":"https:\/\/www.sudoestehoje.com.br\/novoportal\/wp-json\/wp\/v2\/posts\/31344","targetHints":{"allow":["GET"]}}],"collection":[{"href":"https:\/\/www.sudoestehoje.com.br\/novoportal\/wp-json\/wp\/v2\/posts"}],"about":[{"href":"https:\/\/www.sudoestehoje.com.br\/novoportal\/wp-json\/wp\/v2\/types\/post"}],"author":[{"embeddable":true,"href":"https:\/\/www.sudoestehoje.com.br\/novoportal\/wp-json\/wp\/v2\/users\/2"}],"replies":[{"embeddable":true,"href":"https:\/\/www.sudoestehoje.com.br\/novoportal\/wp-json\/wp\/v2\/comments?post=31344"}],"version-history":[{"count":5,"href":"https:\/\/www.sudoestehoje.com.br\/novoportal\/wp-json\/wp\/v2\/posts\/31344\/revisions"}],"predecessor-version":[{"id":31350,"href":"https:\/\/www.sudoestehoje.com.br\/novoportal\/wp-json\/wp\/v2\/posts\/31344\/revisions\/31350"}],"wp:attachment":[{"href":"https:\/\/www.sudoestehoje.com.br\/novoportal\/wp-json\/wp\/v2\/media?parent=31344"}],"wp:term":[{"taxonomy":"category","embeddable":true,"href":"https:\/\/www.sudoestehoje.com.br\/novoportal\/wp-json\/wp\/v2\/categories?post=31344"},{"taxonomy":"post_tag","embeddable":true,"href":"https:\/\/www.sudoestehoje.com.br\/novoportal\/wp-json\/wp\/v2\/tags?post=31344"}],"curies":[{"name":"wp","href":"https:\/\/api.w.org\/{rel}","templated":true}]}}