
{"id":31341,"date":"2013-10-17T20:54:43","date_gmt":"2013-10-17T23:54:43","guid":{"rendered":"http:\/\/www.sudoestehoje.com.br\/novoportal\/?p=31341"},"modified":"2013-10-17T20:54:43","modified_gmt":"2013-10-17T23:54:43","slug":"fjs-faz-entrega-do-premio-professora-maria-theresa-pacheco","status":"publish","type":"post","link":"https:\/\/www.sudoestehoje.com.br\/novoportal\/2013\/10\/17\/fjs-faz-entrega-do-premio-professora-maria-theresa-pacheco\/","title":{"rendered":"FJS FAZ ENTREGA DO PR\u00caMIO PROFESSORA MARIA THERESA PACHECO"},"content":{"rendered":"<p><a href=\"http:\/\/www.sudoestehoje.com.br\/novoportal\/wp-content\/uploads\/2013\/10\/img4_PMTP_2013.jpg\"><img loading=\"lazy\" decoding=\"async\" class=\"aligncenter size-medium wp-image-31342\" alt=\"img4_PMTP_2013\" src=\"http:\/\/www.sudoestehoje.com.br\/novoportal\/wp-content\/uploads\/2013\/10\/img4_PMTP_2013-500x305.jpg\" width=\"500\" height=\"305\" srcset=\"https:\/\/www.sudoestehoje.com.br\/novoportal\/wp-content\/uploads\/2013\/10\/img4_PMTP_2013-500x305.jpg 500w, https:\/\/www.sudoestehoje.com.br\/novoportal\/wp-content\/uploads\/2013\/10\/img4_PMTP_2013.jpg 640w\" sizes=\"auto, (max-width: 500px) 100vw, 500px\" \/><\/a><\/p>\n<p>Em solenidade que marca o encerramento da Semana do M\u00e9dico, a Funda\u00e7\u00e3o Jos\u00e9 Silveira faz a entrega do Pr\u00eamio Professora Maria Theresa Pacheco, nesta sexta-feira (18\/10), \u00e0s 10h, no audit\u00f3rio do IBIT, na Federa\u00e7\u00e3o. A premia\u00e7\u00e3o foi criada em homenagem \u00e0 mem\u00f3ria da referida professora de Medicina Legal, primeira catedr\u00e1tica de Medicina Legal do Brasil, membro fundador da Sociedade Brasileira de Bio\u00e9tica e presidente da Funda\u00e7\u00e3o Jos\u00e9 Silveira, \u00faltimo cargo em sua prof\u00edcua carreira. A vencedora \u00e9 a Dra. Sabrina Bastos Maia, autora do trabalho cient\u00edfico intitulado \u201cTerapia abreviada p\u00f3s-parto com sulfato de magn\u00e9sio na pr\u00e9-ecl\u00e2mpsia grave: ensaio cl\u00ednico randomizado\u201d.<\/p>\n<p>A solenidade contar\u00e1 com as presen\u00e7as da superintendente e do presidente do Conselho da Funda\u00e7\u00e3o Jos\u00e9 Silveira, respectivamente, Leila Brito e Dr. Geraldo Leite, al\u00e9m de lideran\u00e7as da \u00e1rea m\u00e9dica, como os presidentes da Associa\u00e7\u00e3o Bahiana de Medicina, Antonio Carlos Vieira Lopes, e do Conselho Regional de Medicina (Cremeb), Abelardo Meneses. Com abrang\u00eancia nos pa\u00edses da America do Sul, o Pr\u00eamio Maria Theresa Pacheco incentiva o desenvolvimento da pesquisa cient\u00edfica e \u00e9 destinado a profissionais da \u00e1rea m\u00e9dica e estudantes do \u00faltimo semestre do curso de Medicina.<\/p>\n<p><em>Ascom Funda\u00e7\u00e3o Jos\u00e9 Silveira<\/em><\/p>\n","protected":false},"excerpt":{"rendered":"<p>Em solenidade que marca o encerramento da Semana do M\u00e9dico, a Funda\u00e7\u00e3o Jos\u00e9 Silveira faz a entrega do Pr\u00eamio Professora Maria Theresa Pacheco, nesta sexta-feira (18\/10), \u00e0s 10h, no audit\u00f3rio do IBIT, na Federa\u00e7\u00e3o. A premia\u00e7\u00e3o foi criada em homenagem \u00e0 mem\u00f3ria da referida professora de Medicina Legal, primeira catedr\u00e1tica de Medicina Legal do Brasil, [&hellip;]<\/p>\n","protected":false},"author":2,"featured_media":0,"comment_status":"open","ping_status":"open","sticky":false,"template":"","format":"standard","meta":{"footnotes":"","_links_to":"","_links_to_target":""},"categories":[1],"tags":[],"class_list":["post-31341","post","type-post","status-publish","format-standard","hentry","category-geral"],"views":1024,"_links":{"self":[{"href":"https:\/\/www.sudoestehoje.com.br\/novoportal\/wp-json\/wp\/v2\/posts\/31341","targetHints":{"allow":["GET"]}}],"collection":[{"href":"https:\/\/www.sudoestehoje.com.br\/novoportal\/wp-json\/wp\/v2\/posts"}],"about":[{"href":"https:\/\/www.sudoestehoje.com.br\/novoportal\/wp-json\/wp\/v2\/types\/post"}],"author":[{"embeddable":true,"href":"https:\/\/www.sudoestehoje.com.br\/novoportal\/wp-json\/wp\/v2\/users\/2"}],"replies":[{"embeddable":true,"href":"https:\/\/www.sudoestehoje.com.br\/novoportal\/wp-json\/wp\/v2\/comments?post=31341"}],"version-history":[{"count":1,"href":"https:\/\/www.sudoestehoje.com.br\/novoportal\/wp-json\/wp\/v2\/posts\/31341\/revisions"}],"predecessor-version":[{"id":31343,"href":"https:\/\/www.sudoestehoje.com.br\/novoportal\/wp-json\/wp\/v2\/posts\/31341\/revisions\/31343"}],"wp:attachment":[{"href":"https:\/\/www.sudoestehoje.com.br\/novoportal\/wp-json\/wp\/v2\/media?parent=31341"}],"wp:term":[{"taxonomy":"category","embeddable":true,"href":"https:\/\/www.sudoestehoje.com.br\/novoportal\/wp-json\/wp\/v2\/categories?post=31341"},{"taxonomy":"post_tag","embeddable":true,"href":"https:\/\/www.sudoestehoje.com.br\/novoportal\/wp-json\/wp\/v2\/tags?post=31341"}],"curies":[{"name":"wp","href":"https:\/\/api.w.org\/{rel}","templated":true}]}}