
{"id":31325,"date":"2013-10-17T16:06:23","date_gmt":"2013-10-17T19:06:23","guid":{"rendered":"http:\/\/www.sudoestehoje.com.br\/novoportal\/?p=31325"},"modified":"2013-10-17T16:06:23","modified_gmt":"2013-10-17T19:06:23","slug":"medica-deixa-hospital-alianca-e-e-conduzida-para-penitenciaria","status":"publish","type":"post","link":"https:\/\/www.sudoestehoje.com.br\/novoportal\/2013\/10\/17\/medica-deixa-hospital-alianca-e-e-conduzida-para-penitenciaria\/","title":{"rendered":"M\u00c9DICA DEIXA HOSPITAL ALIAN\u00c7A E \u00c9 CONDUZIDA PARA PENITENCI\u00c1RIA"},"content":{"rendered":"<div id=\"attachment_31326\" style=\"width: 510px\" class=\"wp-caption aligncenter\"><a href=\"http:\/\/www.sudoestehoje.com.br\/novoportal\/wp-content\/uploads\/2013\/10\/med.jpg\"><img loading=\"lazy\" decoding=\"async\" aria-describedby=\"caption-attachment-31326\" class=\"size-medium wp-image-31326\" alt=\"M\u00e9dica que atropelou irm\u00e3os em Salvador dever\u00e1 responder processo por duplo homic\u00eddio qualificado, na pris\u00e3o. Foto A Tarde \" src=\"http:\/\/www.sudoestehoje.com.br\/novoportal\/wp-content\/uploads\/2013\/10\/med-500x288.jpg\" width=\"500\" height=\"288\" srcset=\"https:\/\/www.sudoestehoje.com.br\/novoportal\/wp-content\/uploads\/2013\/10\/med-500x288.jpg 500w, https:\/\/www.sudoestehoje.com.br\/novoportal\/wp-content\/uploads\/2013\/10\/med.jpg 650w\" sizes=\"auto, (max-width: 500px) 100vw, 500px\" \/><\/a><p id=\"caption-attachment-31326\" class=\"wp-caption-text\">M\u00e9dica que atropelou irm\u00e3os em Salvador dever\u00e1 responder processo por duplo homic\u00eddio qualificado, na pris\u00e3o. Foto A Tarde<\/p><\/div>\n<p><em>A Tarde<\/em><\/p>\n<p>A m\u00e9dica K\u00e1tia Vargas Leal Pereira, 45 anos, deixou o Hospital Alian\u00e7a na manh\u00e3 desta quinta-feira, 17, por volta das 9h15, para prestar depoimento e ficar detida. O advogado Vivaldo Amaral, que defende K\u00e1tia, acompanhou o deslocamento de sua cliente, levada para a penitenci\u00e1ria feminina, em Mata Escura. Ela chegou por volta das 9h40.<\/p>\n<p>Ao sair do hospital, pela porta da frente, a m\u00e9dica, que segurava um ter\u00e7o, evitou falar com a imprensa. Sem algemas, ela usava um colar cervical. K\u00e1tia, que ficou o tempo todo com as m\u00e3os suspensas para esconder o rosto, foi conduzida em uma viatura da pol\u00edcia ap\u00f3s a delegada Jussara, da 7\u00aa Delegacia do Rio Vermelho, chegar a unidade m\u00e9dica.<\/p>\n<p>Daniel Keller &#8211; advogado da fam\u00edlia dos irm\u00e3os Emanuelle e Emanuel Gomes Dias, mortos no acidente envolvendo a m\u00e9dica &#8211; tamb\u00e9m acompanha a pris\u00e3o de K\u00e1tia.<\/p>\n<p>Na tarde desta quarta, 16, o Minist\u00e9rio P\u00fablico (MP) divulgou o resultado da per\u00edcia feita pelo Departamento de Pol\u00edcia T\u00e9cnica (DPT) sobre o estado de sa\u00fade de K\u00e1tia. O laudo apontou que n\u00e3o havia necessidade da m\u00e9dica continuar internada. O\u00a0<a href=\"http:\/\/atarde.uol.com.br\/materias\/1541511\">relat\u00f3rio do Alian\u00e7a<\/a>, no entanto, informou que a paciente precisaria ficar em observa\u00e7\u00e3o por mais 24h ou 48h.<\/p>\n<p><!--more--><\/p>\n<p><strong>M\u00e9dica fala em suic\u00eddio<\/strong><\/p>\n<p>No mesmo relat\u00f3rio do MP, o promotor Davi Gallo informou que a m\u00e9dica K\u00e1tia Vargas contou aos peritos, que foram ao Alian\u00e7a para avali\u00e1-la, que estava arrependida e com vontade de se suicidar. No entanto, ele ressaltou que este posicionamento da suspeita &#8220;pode ser uma orienta\u00e7\u00e3o da defesa&#8221;.<\/p>\n<p>&#8220;Se ela tivesse comportamento suicida, os peritos teriam acrescentado no laudo. Mas eles apenas contaram que ela disse isso. N\u00e3o vejo arrependimento, nem vontade se matar. Ela tem medo de perder a liberdade&#8221;, relatou.<\/p>\n","protected":false},"excerpt":{"rendered":"<p>A Tarde A m\u00e9dica K\u00e1tia Vargas Leal Pereira, 45 anos, deixou o Hospital Alian\u00e7a na manh\u00e3 desta quinta-feira, 17, por volta das 9h15, para prestar depoimento e ficar detida. O advogado Vivaldo Amaral, que defende K\u00e1tia, acompanhou o deslocamento de sua cliente, levada para a penitenci\u00e1ria feminina, em Mata Escura. Ela chegou por volta das [&hellip;]<\/p>\n","protected":false},"author":2,"featured_media":0,"comment_status":"open","ping_status":"open","sticky":false,"template":"","format":"standard","meta":{"footnotes":"","_links_to":"","_links_to_target":""},"categories":[1],"tags":[],"class_list":["post-31325","post","type-post","status-publish","format-standard","hentry","category-geral"],"views":1235,"_links":{"self":[{"href":"https:\/\/www.sudoestehoje.com.br\/novoportal\/wp-json\/wp\/v2\/posts\/31325","targetHints":{"allow":["GET"]}}],"collection":[{"href":"https:\/\/www.sudoestehoje.com.br\/novoportal\/wp-json\/wp\/v2\/posts"}],"about":[{"href":"https:\/\/www.sudoestehoje.com.br\/novoportal\/wp-json\/wp\/v2\/types\/post"}],"author":[{"embeddable":true,"href":"https:\/\/www.sudoestehoje.com.br\/novoportal\/wp-json\/wp\/v2\/users\/2"}],"replies":[{"embeddable":true,"href":"https:\/\/www.sudoestehoje.com.br\/novoportal\/wp-json\/wp\/v2\/comments?post=31325"}],"version-history":[{"count":2,"href":"https:\/\/www.sudoestehoje.com.br\/novoportal\/wp-json\/wp\/v2\/posts\/31325\/revisions"}],"predecessor-version":[{"id":31328,"href":"https:\/\/www.sudoestehoje.com.br\/novoportal\/wp-json\/wp\/v2\/posts\/31325\/revisions\/31328"}],"wp:attachment":[{"href":"https:\/\/www.sudoestehoje.com.br\/novoportal\/wp-json\/wp\/v2\/media?parent=31325"}],"wp:term":[{"taxonomy":"category","embeddable":true,"href":"https:\/\/www.sudoestehoje.com.br\/novoportal\/wp-json\/wp\/v2\/categories?post=31325"},{"taxonomy":"post_tag","embeddable":true,"href":"https:\/\/www.sudoestehoje.com.br\/novoportal\/wp-json\/wp\/v2\/tags?post=31325"}],"curies":[{"name":"wp","href":"https:\/\/api.w.org\/{rel}","templated":true}]}}