
{"id":31322,"date":"2013-10-17T15:50:08","date_gmt":"2013-10-17T18:50:08","guid":{"rendered":"http:\/\/www.sudoestehoje.com.br\/novoportal\/?p=31322"},"modified":"2013-10-17T16:26:23","modified_gmt":"2013-10-17T19:26:23","slug":"vereadores-de-itapetinga-reivindicam-corpo-de-bombeiros-para-a-regiao","status":"publish","type":"post","link":"https:\/\/www.sudoestehoje.com.br\/novoportal\/2013\/10\/17\/vereadores-de-itapetinga-reivindicam-corpo-de-bombeiros-para-a-regiao\/","title":{"rendered":"VEREADORES DE ITAPETINGA REIVINDICAM CORPO DE BOMBEIROS PARA A REGI\u00c3O"},"content":{"rendered":"<p><a href=\"http:\/\/www.sudoestehoje.com.br\/novoportal\/wp-content\/uploads\/2013\/10\/BOMB.jpg\"><img loading=\"lazy\" decoding=\"async\" class=\"aligncenter size-medium wp-image-31329\" alt=\"BOMB\" src=\"http:\/\/www.sudoestehoje.com.br\/novoportal\/wp-content\/uploads\/2013\/10\/BOMB-500x375.jpg\" width=\"500\" height=\"375\" srcset=\"https:\/\/www.sudoestehoje.com.br\/novoportal\/wp-content\/uploads\/2013\/10\/BOMB-500x375.jpg 500w, https:\/\/www.sudoestehoje.com.br\/novoportal\/wp-content\/uploads\/2013\/10\/BOMB.jpg 639w\" sizes=\"auto, (max-width: 500px) 100vw, 500px\" \/><\/a><\/p>\n<p>Os vereadores, Fabiano Bahia ( DEM), Naara Duarte ( DEM) , \u00a0Jo\u00e3o de Deus (PMDB), Neide da Vila ( PTC) \u00a0e \u00a0Marcos Gabrielli (PT), se reuniram com o comando da Companhia do Corpo de Bombeiros em Vit\u00f3ria da Conquista, na \u00faltima ter\u00e7a-feira, 08, para solicitar \u00a0uma Sub Companhia do Corpo de Bombeiros para o munic\u00edpio de Itapetinga e demais cidades que fazem parte do territ\u00f3rio M\u00e9dio Sudoeste.<\/p>\n<p>Durante a reuni\u00e3o todos os vereadores, presentes na reuni\u00e3o, usaram da palavra e mostraram as necessidades da instala\u00e7\u00e3o dos Servi\u00e7os do Corpo de Bombeiros para tapetinga. \u201cA vida tem que ser considerada em primeiro lugar. Por isso, precisamos dos bombeiros para agilizar o atendimento de urg\u00eancia e emerg\u00eancia. Se eles demoram a chegar, s\u00e3o vidas que se v\u00e3o\u201d<\/p>\n<p>Os vereadores enfatizaram ainda que a cria\u00e7\u00e3o da unidade do Corpo de Bombeiros, em Itapetinga, beneficiaria tamb\u00e9m as cidades mais pr\u00f3ximas, como, Macarani, Itarantim, Potiragu\u00e1, Maiquinique, Itoror\u00f3 e outras mais. Al\u00e9m dos Distrito e Zona Rural.<\/p>\n<p><em>Ascom<\/em><\/p>\n","protected":false},"excerpt":{"rendered":"<p>Os vereadores, Fabiano Bahia ( DEM), Naara Duarte ( DEM) , \u00a0Jo\u00e3o de Deus (PMDB), Neide da Vila ( PTC) \u00a0e \u00a0Marcos Gabrielli (PT), se reuniram com o comando da Companhia do Corpo de Bombeiros em Vit\u00f3ria da Conquista, na \u00faltima ter\u00e7a-feira, 08, para solicitar \u00a0uma Sub Companhia do Corpo de Bombeiros para o munic\u00edpio [&hellip;]<\/p>\n","protected":false},"author":2,"featured_media":0,"comment_status":"open","ping_status":"open","sticky":false,"template":"","format":"standard","meta":{"footnotes":"","_links_to":"","_links_to_target":""},"categories":[1],"tags":[],"class_list":["post-31322","post","type-post","status-publish","format-standard","hentry","category-geral"],"views":1198,"_links":{"self":[{"href":"https:\/\/www.sudoestehoje.com.br\/novoportal\/wp-json\/wp\/v2\/posts\/31322","targetHints":{"allow":["GET"]}}],"collection":[{"href":"https:\/\/www.sudoestehoje.com.br\/novoportal\/wp-json\/wp\/v2\/posts"}],"about":[{"href":"https:\/\/www.sudoestehoje.com.br\/novoportal\/wp-json\/wp\/v2\/types\/post"}],"author":[{"embeddable":true,"href":"https:\/\/www.sudoestehoje.com.br\/novoportal\/wp-json\/wp\/v2\/users\/2"}],"replies":[{"embeddable":true,"href":"https:\/\/www.sudoestehoje.com.br\/novoportal\/wp-json\/wp\/v2\/comments?post=31322"}],"version-history":[{"count":2,"href":"https:\/\/www.sudoestehoje.com.br\/novoportal\/wp-json\/wp\/v2\/posts\/31322\/revisions"}],"predecessor-version":[{"id":31330,"href":"https:\/\/www.sudoestehoje.com.br\/novoportal\/wp-json\/wp\/v2\/posts\/31322\/revisions\/31330"}],"wp:attachment":[{"href":"https:\/\/www.sudoestehoje.com.br\/novoportal\/wp-json\/wp\/v2\/media?parent=31322"}],"wp:term":[{"taxonomy":"category","embeddable":true,"href":"https:\/\/www.sudoestehoje.com.br\/novoportal\/wp-json\/wp\/v2\/categories?post=31322"},{"taxonomy":"post_tag","embeddable":true,"href":"https:\/\/www.sudoestehoje.com.br\/novoportal\/wp-json\/wp\/v2\/tags?post=31322"}],"curies":[{"name":"wp","href":"https:\/\/api.w.org\/{rel}","templated":true}]}}