
{"id":31316,"date":"2013-10-16T22:40:39","date_gmt":"2013-10-17T01:40:39","guid":{"rendered":"http:\/\/www.sudoestehoje.com.br\/novoportal\/?p=31316"},"modified":"2013-10-16T22:43:33","modified_gmt":"2013-10-17T01:43:33","slug":"servidor-clero-rosa-nao-e-mais-coordenador-do-samu-192","status":"publish","type":"post","link":"https:\/\/www.sudoestehoje.com.br\/novoportal\/2013\/10\/16\/servidor-clero-rosa-nao-e-mais-coordenador-do-samu-192\/","title":{"rendered":"SERVIDOR CLERO ROSA N\u00c3O \u00c9 MAIS COORDENADOR DO SAMU 192"},"content":{"rendered":"<div id=\"attachment_31317\" style=\"width: 458px\" class=\"wp-caption aligncenter\"><a href=\"http:\/\/www.sudoestehoje.com.br\/novoportal\/wp-content\/uploads\/2013\/10\/clero-samu.jpg\"><img loading=\"lazy\" decoding=\"async\" aria-describedby=\"caption-attachment-31317\" class=\"size-full wp-image-31317\" alt=\"O servidor\" src=\"http:\/\/www.sudoestehoje.com.br\/novoportal\/wp-content\/uploads\/2013\/10\/clero-samu.jpg\" width=\"448\" height=\"302\" \/><\/a><p id=\"caption-attachment-31317\" class=\"wp-caption-text\">o Servidor Clero Rosa foi alvo de s\u00e9rias den\u00fancias como coordenador do Samu<\/p><\/div>\n<p>O enfermeiro Clero Rosa n\u00e3o \u00e9 mais coordenador do Samu-192 e nem do CDM (Central de Marca\u00e7\u00e3o de Exames) do munic\u00edpio de Itapetinga. A sua exonera\u00e7\u00e3o foi comunicada atrav\u00e9s do assessor especial da secret\u00e1ria de sa\u00fade, Ramaion Rodrigues. O CDM ser\u00e1 coordenado pelo enfermeiro Ederson Oliveira Silva, \u00a0e o SAMU 192 pelo enfermeiro Carlos Alberto, que j\u00e1 atua no servi\u00e7o.<\/p>\n<p>Clero Rosa foi alvo de v\u00e1rias den\u00fancias postadas nos blogs, que acabaram sendo apuradas atrav\u00e9s de processos administrativos, na Secretaria Municipal de Sa\u00fade. Foi tamb\u00e9m o piv\u00f4 da queda da secret\u00e1ria Zoraide Cruz, contra quem teria feito s\u00e9rias den\u00fancias ao prefeito Z\u00e9 Carlos. Derrubou a secret\u00e1ria, mas n\u00e3o se sustentou no cargo.<\/p>\n<p>H\u00e1 informa\u00e7\u00f5es de que o Clero Rosa poder\u00e1 retornar ao seu cargo de origem na Comutran, onde prestou concurso e \u00e9 lotado como Agente de Tr\u00e2nsito. Com informa\u00e7\u00f5es do Diga Diga.<\/p>\n","protected":false},"excerpt":{"rendered":"<p>O enfermeiro Clero Rosa n\u00e3o \u00e9 mais coordenador do Samu-192 e nem do CDM (Central de Marca\u00e7\u00e3o de Exames) do munic\u00edpio de Itapetinga. A sua exonera\u00e7\u00e3o foi comunicada atrav\u00e9s do assessor especial da secret\u00e1ria de sa\u00fade, Ramaion Rodrigues. O CDM ser\u00e1 coordenado pelo enfermeiro Ederson Oliveira Silva, \u00a0e o SAMU 192 pelo enfermeiro Carlos Alberto, [&hellip;]<\/p>\n","protected":false},"author":2,"featured_media":0,"comment_status":"open","ping_status":"open","sticky":false,"template":"","format":"standard","meta":{"footnotes":"","_links_to":"","_links_to_target":""},"categories":[1],"tags":[],"class_list":["post-31316","post","type-post","status-publish","format-standard","hentry","category-geral"],"views":2655,"_links":{"self":[{"href":"https:\/\/www.sudoestehoje.com.br\/novoportal\/wp-json\/wp\/v2\/posts\/31316","targetHints":{"allow":["GET"]}}],"collection":[{"href":"https:\/\/www.sudoestehoje.com.br\/novoportal\/wp-json\/wp\/v2\/posts"}],"about":[{"href":"https:\/\/www.sudoestehoje.com.br\/novoportal\/wp-json\/wp\/v2\/types\/post"}],"author":[{"embeddable":true,"href":"https:\/\/www.sudoestehoje.com.br\/novoportal\/wp-json\/wp\/v2\/users\/2"}],"replies":[{"embeddable":true,"href":"https:\/\/www.sudoestehoje.com.br\/novoportal\/wp-json\/wp\/v2\/comments?post=31316"}],"version-history":[{"count":3,"href":"https:\/\/www.sudoestehoje.com.br\/novoportal\/wp-json\/wp\/v2\/posts\/31316\/revisions"}],"predecessor-version":[{"id":31320,"href":"https:\/\/www.sudoestehoje.com.br\/novoportal\/wp-json\/wp\/v2\/posts\/31316\/revisions\/31320"}],"wp:attachment":[{"href":"https:\/\/www.sudoestehoje.com.br\/novoportal\/wp-json\/wp\/v2\/media?parent=31316"}],"wp:term":[{"taxonomy":"category","embeddable":true,"href":"https:\/\/www.sudoestehoje.com.br\/novoportal\/wp-json\/wp\/v2\/categories?post=31316"},{"taxonomy":"post_tag","embeddable":true,"href":"https:\/\/www.sudoestehoje.com.br\/novoportal\/wp-json\/wp\/v2\/tags?post=31316"}],"curies":[{"name":"wp","href":"https:\/\/api.w.org\/{rel}","templated":true}]}}