
{"id":31302,"date":"2013-10-16T21:05:04","date_gmt":"2013-10-17T00:05:04","guid":{"rendered":"http:\/\/www.sudoestehoje.com.br\/novoportal\/?p=31302"},"modified":"2013-10-16T21:05:04","modified_gmt":"2013-10-17T00:05:04","slug":"reclamacao-de-prefeitos-baianos-nao-tem-sentido-afirma-dilma","status":"publish","type":"post","link":"https:\/\/www.sudoestehoje.com.br\/novoportal\/2013\/10\/16\/reclamacao-de-prefeitos-baianos-nao-tem-sentido-afirma-dilma\/","title":{"rendered":"&#8220;RECLAMA\u00c7\u00c3O DE PREFEITOS BAIANOS N\u00c3O TEM SENTIDO&#8221;, AFIRMA DILMA"},"content":{"rendered":"<p style=\"text-align: center;\"><a href=\"http:\/\/www.sudoestehoje.com.br\/novoportal\/wp-content\/uploads\/2013\/10\/DILMA.jpg\"><img decoding=\"async\" class=\"aligncenter  wp-image-31303\" alt=\"DILMA\" src=\"http:\/\/www.sudoestehoje.com.br\/novoportal\/wp-content\/uploads\/2013\/10\/DILMA.jpg\" width=\"500\" \/><\/a><\/p>\n<p>Em Vit\u00f3ria da Conquista, nessa ter\u00e7a-feira (16), um grupo de prefeitos protestou em busca de aumento nos Fundo de Participa\u00e7\u00e3o dos Munic\u00edpios (FPM), durante a visita da presidente Dilma Rousseff. O prfeito de Cacul\u00e9, Jos\u00e9 Roberto Neves (DEM), estendeu o seu bon\u00e9 numa especie de cuia de esmola, mas\u00a0Dilma se esquivou. Em Salvador, em entrevista, Dilma foi questionada sobre queixas dos prefeitos relacionadas \u00e0 diminui\u00e7\u00e3o do FPM e se apoiaria a PEC 39\/2013, que tramita no Senado e determina o aumento desse fundo.\u00a0<em>\u201cN\u00e3o tem sentido o pleito\u201d<\/em>, disse Dilma.<\/p>\n<p><em>\u201cEu quero esclarecer que o FPM n\u00e3o diminuiu. Mesmo com as desonera\u00e7\u00f5es federais, o FPM cresceu [neste ano] 7,5% ou 1,1% se voc\u00ea descontar a infla\u00e7\u00e3o\u201d,<\/em>\u00a0afirmou a presidente. Dilma disse que o debate do FPM tem de ser feito\u00a0<em>\u201cno contexto de discuss\u00e3o de todas as desonera\u00e7\u00f5es\u201d e<\/em>\u00a0que o governo federal tem tomado medidas \u201cque ajudam o custeio\u201d das prefeituras.\u00a0Citou, nesse ponto, o programa Mais M\u00e9dicos, pelo qual o governo federal paga uma bolsa de R$ 10 mil mensais a profissionais brasileiros e estrangeiros para trabalharem na aten\u00e7\u00e3o b\u00e1sica dos munic\u00edpios. Com informa\u00e7\u00f5es do Folhapress.<\/p>\n","protected":false},"excerpt":{"rendered":"<p>Em Vit\u00f3ria da Conquista, nessa ter\u00e7a-feira (16), um grupo de prefeitos protestou em busca de aumento nos Fundo de Participa\u00e7\u00e3o dos Munic\u00edpios (FPM), durante a visita da presidente Dilma Rousseff. O prfeito de Cacul\u00e9, Jos\u00e9 Roberto Neves (DEM), estendeu o seu bon\u00e9 numa especie de cuia de esmola, mas\u00a0Dilma se esquivou. Em Salvador, em entrevista, [&hellip;]<\/p>\n","protected":false},"author":2,"featured_media":0,"comment_status":"open","ping_status":"open","sticky":false,"template":"","format":"standard","meta":{"footnotes":"","_links_to":"","_links_to_target":""},"categories":[1],"tags":[],"class_list":["post-31302","post","type-post","status-publish","format-standard","hentry","category-geral"],"views":994,"_links":{"self":[{"href":"https:\/\/www.sudoestehoje.com.br\/novoportal\/wp-json\/wp\/v2\/posts\/31302","targetHints":{"allow":["GET"]}}],"collection":[{"href":"https:\/\/www.sudoestehoje.com.br\/novoportal\/wp-json\/wp\/v2\/posts"}],"about":[{"href":"https:\/\/www.sudoestehoje.com.br\/novoportal\/wp-json\/wp\/v2\/types\/post"}],"author":[{"embeddable":true,"href":"https:\/\/www.sudoestehoje.com.br\/novoportal\/wp-json\/wp\/v2\/users\/2"}],"replies":[{"embeddable":true,"href":"https:\/\/www.sudoestehoje.com.br\/novoportal\/wp-json\/wp\/v2\/comments?post=31302"}],"version-history":[{"count":1,"href":"https:\/\/www.sudoestehoje.com.br\/novoportal\/wp-json\/wp\/v2\/posts\/31302\/revisions"}],"predecessor-version":[{"id":31304,"href":"https:\/\/www.sudoestehoje.com.br\/novoportal\/wp-json\/wp\/v2\/posts\/31302\/revisions\/31304"}],"wp:attachment":[{"href":"https:\/\/www.sudoestehoje.com.br\/novoportal\/wp-json\/wp\/v2\/media?parent=31302"}],"wp:term":[{"taxonomy":"category","embeddable":true,"href":"https:\/\/www.sudoestehoje.com.br\/novoportal\/wp-json\/wp\/v2\/categories?post=31302"},{"taxonomy":"post_tag","embeddable":true,"href":"https:\/\/www.sudoestehoje.com.br\/novoportal\/wp-json\/wp\/v2\/tags?post=31302"}],"curies":[{"name":"wp","href":"https:\/\/api.w.org\/{rel}","templated":true}]}}