
{"id":31299,"date":"2013-10-16T21:00:18","date_gmt":"2013-10-17T00:00:18","guid":{"rendered":"http:\/\/www.sudoestehoje.com.br\/novoportal\/?p=31299"},"modified":"2013-10-16T21:00:18","modified_gmt":"2013-10-17T00:00:18","slug":"quem-tentar-fraudar-minha-casa-vai-cair-no-cacete-ameaca-wagner","status":"publish","type":"post","link":"https:\/\/www.sudoestehoje.com.br\/novoportal\/2013\/10\/16\/quem-tentar-fraudar-minha-casa-vai-cair-no-cacete-ameaca-wagner\/","title":{"rendered":"&#8220;QUEM TENTAR FRAUDAR MINHA CASA VAI CAIR NO CACETE&#8221;, AMEA\u00c7A WAGNER"},"content":{"rendered":"<p style=\"text-align: center;\"><a href=\"http:\/\/www.sudoestehoje.com.br\/novoportal\/wp-content\/uploads\/2013\/10\/CACETE.jpg\"><img decoding=\"async\" class=\"aligncenter  wp-image-31300\" alt=\"CACETE\" src=\"http:\/\/www.sudoestehoje.com.br\/novoportal\/wp-content\/uploads\/2013\/10\/CACETE.jpg\" width=\"500\" \/><\/a><\/p>\n<p>VIT\u00d3RIA DA CONQUISTA: O governador da Bahia, Jaques Wagner (PT), amea\u00e7ou benefici\u00e1rios do programa Minha Casa, Minha Vida, do governo federal, que tenham a inten\u00e7\u00e3o de fazer neg\u00f3cio com im\u00f3veis recebidos. &#8220;Tanto faz se \u00e9 pobre ou rico, andou fora da linha, vai cair no cacete&#8221;, disse nesta ter\u00e7a-feira (15), durante a solenidade de entrega de 1.740 unidades habitacionais do programa em Vit\u00f3ria da Conquista, no sudoeste do estado. &#8220;Isso aqui \u00e9 um programa social, feito com o dinheiro dos impostos pagos pelo povo brasileiro, por meio da Caixa Econ\u00f4mica Federal. Essa casa \u00e9 para quem precisa, n\u00e3o \u00e9 para esperto&#8221;, alertou.<\/p>\n<p>Segundo o governador, &#8220;tem alguns espertos&#8221; que &#8220;entram no cadastro e pegam a casa para passar adiante&#8221;, por meio de contratos de gaveta. &#8220;Tem de deixar bem claro: durante dez anos, n\u00e3o pode fazer neg\u00f3cio com a casa, tem de pagar (as presta\u00e7\u00f5es) para receber a escritura definitiva&#8221;, avisou. &#8220;Se a Caixa ficar sabendo, se eu ficar sabendo, de gente que est\u00e1 pegando casa para &#8216;comerciar&#8217;, para botar um trocado no bolso, a gente bota a (Pol\u00edcia) Federal, toma a casa de quem comprou, pega o dinheiro de quem vendeu e vamos entregar para quem precisa realmente da casa&#8221;, decretou. BN<\/p>\n","protected":false},"excerpt":{"rendered":"<p>VIT\u00d3RIA DA CONQUISTA: O governador da Bahia, Jaques Wagner (PT), amea\u00e7ou benefici\u00e1rios do programa Minha Casa, Minha Vida, do governo federal, que tenham a inten\u00e7\u00e3o de fazer neg\u00f3cio com im\u00f3veis recebidos. &#8220;Tanto faz se \u00e9 pobre ou rico, andou fora da linha, vai cair no cacete&#8221;, disse nesta ter\u00e7a-feira (15), durante a solenidade de entrega [&hellip;]<\/p>\n","protected":false},"author":2,"featured_media":0,"comment_status":"open","ping_status":"open","sticky":false,"template":"","format":"standard","meta":{"footnotes":"","_links_to":"","_links_to_target":""},"categories":[1],"tags":[],"class_list":["post-31299","post","type-post","status-publish","format-standard","hentry","category-geral"],"views":1295,"_links":{"self":[{"href":"https:\/\/www.sudoestehoje.com.br\/novoportal\/wp-json\/wp\/v2\/posts\/31299","targetHints":{"allow":["GET"]}}],"collection":[{"href":"https:\/\/www.sudoestehoje.com.br\/novoportal\/wp-json\/wp\/v2\/posts"}],"about":[{"href":"https:\/\/www.sudoestehoje.com.br\/novoportal\/wp-json\/wp\/v2\/types\/post"}],"author":[{"embeddable":true,"href":"https:\/\/www.sudoestehoje.com.br\/novoportal\/wp-json\/wp\/v2\/users\/2"}],"replies":[{"embeddable":true,"href":"https:\/\/www.sudoestehoje.com.br\/novoportal\/wp-json\/wp\/v2\/comments?post=31299"}],"version-history":[{"count":1,"href":"https:\/\/www.sudoestehoje.com.br\/novoportal\/wp-json\/wp\/v2\/posts\/31299\/revisions"}],"predecessor-version":[{"id":31301,"href":"https:\/\/www.sudoestehoje.com.br\/novoportal\/wp-json\/wp\/v2\/posts\/31299\/revisions\/31301"}],"wp:attachment":[{"href":"https:\/\/www.sudoestehoje.com.br\/novoportal\/wp-json\/wp\/v2\/media?parent=31299"}],"wp:term":[{"taxonomy":"category","embeddable":true,"href":"https:\/\/www.sudoestehoje.com.br\/novoportal\/wp-json\/wp\/v2\/categories?post=31299"},{"taxonomy":"post_tag","embeddable":true,"href":"https:\/\/www.sudoestehoje.com.br\/novoportal\/wp-json\/wp\/v2\/tags?post=31299"}],"curies":[{"name":"wp","href":"https:\/\/api.w.org\/{rel}","templated":true}]}}