
{"id":31294,"date":"2013-10-16T20:24:24","date_gmt":"2013-10-16T23:24:24","guid":{"rendered":"http:\/\/www.sudoestehoje.com.br\/novoportal\/?p=31294"},"modified":"2013-10-16T20:24:24","modified_gmt":"2013-10-16T23:24:24","slug":"itororo-oscip-denuncia-ministerio-publico-na-figura-de-sua-representante","status":"publish","type":"post","link":"https:\/\/www.sudoestehoje.com.br\/novoportal\/2013\/10\/16\/itororo-oscip-denuncia-ministerio-publico-na-figura-de-sua-representante\/","title":{"rendered":"ITOROR\u00d3: OSCIP DENUNCIA MINIST\u00c9RIO P\u00daBLICO NA FIGURA DE SUA REPRESENTANTE"},"content":{"rendered":"<div><a href=\"http:\/\/www.sudoestehoje.com.br\/novoportal\/wp-content\/uploads\/2013\/10\/DR.LOPES_.jpg\"><img loading=\"lazy\" decoding=\"async\" class=\"size-full wp-image-31296 alignleft\" alt=\"DR.LOPES\" src=\"http:\/\/www.sudoestehoje.com.br\/novoportal\/wp-content\/uploads\/2013\/10\/DR.LOPES_.jpg\" width=\"270\" height=\"320\" \/><\/a><\/div>\n<div id=\"yui_3_7_2_1_1381965321431_1987\">A OSCIP, Instituto \u00e1gua viva do saber, representada por seu presidente o Advogado e Ambientalista, Dr. Florisvaldo Lopes Gon\u00e7alves, denuncia o Minist\u00e9rio P\u00fablico, na figura de sua representante a promotora de Caatiba\/S\u00e3o Jos\u00e9 do Col\u00f4nia, por negligencia e\/ou descaso com a sa\u00fade p\u00fablica e ambiental.<\/div>\n<div><\/div>\n<div id=\"yui_3_7_2_1_1381965321431_2924\"><b id=\"yui_3_7_2_1_1381965321431_2927\"><span id=\"yui_3_7_2_1_1381965321431_2926\" style=\"text-decoration: underline;\">Entenda o caso<\/span><\/b>: Em 29-02-2012, o Advogado e Ambientalista acima citado em nome da OSCIP, Instituto \u00e1gua viva do saber, fez uma Representa\u00e7\u00e3o ao Minist\u00e9rio P\u00fablico, requerendo a implanta\u00e7\u00e3o do PMSB, lei: 11.445\/07, plano municipal de saneamento b\u00e1sico, (trazido por esse mesmo advogado de S\u00e3o Paulo em 2010), na Comarca de Caatiba, visando especialmente o saneamento do importante Rio Col\u00f4nia, na localidade do distrito de S\u00e3o Jos\u00e9 do Col\u00f4nia, pertencente a Caatiba.<!--more--><\/div>\n<div id=\"yui_3_7_2_1_1381965321431_2940\"><\/div>\n<div id=\"yui_3_7_2_1_1381965321431_2942\">Ocorre que depois de muita cobran\u00e7a foi intimado o gestor de Caatiba\/S\u00e3o Jos\u00e9 do Col\u00f4nia, o senhor Junior Mendes, que em: 26-02-2013, celebrou com o Minist\u00e9rio P\u00fablico, um TAC, termo de ajustamento de conduta, onde o prefeito se comprometeu a implantar esse importante PMSB, at\u00e9 o final de 2013, conforme determina a Lei: 11.445\/07, (o munic\u00edpio que n\u00e3o implant\u00e1-lo at\u00e9 a data prescrita em lei, a partir de janeiro\/2014, ficar\u00e1 impedido de receber recursos para aplicar em saneamento b\u00e1sico, vejam voc\u00eas a gravidade e, o preju\u00edzo da popula\u00e7\u00e3o e do meio ambiente, pela n\u00e3o implanta\u00e7\u00e3o desse importante plano);<\/div>\n<div id=\"yui_3_7_2_1_1381965321431_2943\"><\/div>\n<div id=\"yui_3_7_2_1_1381965321431_2945\">Entretanto, os meses escorreram lentos, por\u00e9m, escorreram, chegando em meados de agosto a mesma OSCIP, por seu representante, acionou a dita promotora de Caatiba\/S\u00e3o Jos\u00e9 do Col\u00f4nia, buscando noticias sobre o cumprimento do TAC, (sim, n\u00e3o basta assinar \u00e9 preciso cumprir o acordado), assinado entre ela, promotora e o prefeito, recebendo como resposta que, s\u00f3 a ela era cab\u00edvel cuidar do assunto, como promotora, e n\u00e3o a terceiros;<\/div>\n<div id=\"yui_3_7_2_1_1381965321431_2955\"><\/div>\n<div id=\"yui_3_7_2_1_1381965321431_2957\">No entanto n\u00e3o cuidou com zelo, n\u00e3o exigiu do prefeito, como era, e \u00e9, seu dever Constitucional, para que fosse cumprido o acordado entre ela, fiscal da lei, ela representante do povo e dos direitos difusos e coletivos, conforme fora pleiteado pela OSCIP, Instituto \u00e1gua viva do saber;<\/div>\n<div id=\"yui_3_7_2_1_1381965321431_2958\"><\/div>\n<div id=\"yui_3_7_2_1_1381965321431_2960\">Em raz\u00e3o dessa negligencia e\/ou descaso por parte da representante do Minist\u00e9rio P\u00fablico, da Comarca de Caatiba\/S\u00e3o Jos\u00e9 do Col\u00f4nia, \u00f3rg\u00e3o que este caus\u00eddico\/representante da OSCIP, tanto respeita, especialmente por ele vir de uma metr\u00f3pole como S\u00e3o Paulo, onde a atua\u00e7\u00e3o dos promotores em defesa da popula\u00e7\u00e3o em todas as \u00e1reas onde s\u00e3o \u00a0chamados \u00e9 constante e, eficiente;<\/div>\n<div id=\"yui_3_7_2_1_1381965321431_2961\"><\/div>\n<div id=\"yui_3_7_2_1_1381965321431_2963\">Essa denuncia p\u00fablica tem a finalidade de ver chegar aos \u00f3rg\u00e3os superiores e, quem sabe a promotora em vindo a ser admoestada, acabe por cumprir com o seu dever Constitucional que \u00e9 atender aos reclamos da popula\u00e7\u00e3o e ao meio ambiente, a quem a OSCIP atuando no 3\u00ba setor, sem fins lucrativos, busca ajudar, no campo volunt\u00e1rio, com a implanta\u00e7\u00e3o desse important\u00edssimo PMSB, lei: 11.445\/07, Plano Municipal de Saneamento B\u00e1sico; TRAZENDO SA\u00daDE PARA A POPULA\u00c7\u00c3O E PARA O MEIO AMBIENTE;<\/div>\n<div id=\"yui_3_7_2_1_1381965321431_2972\"><\/div>\n<div id=\"yui_3_7_2_1_1381965321431_2971\">Em especial para nosso importante Rio Col\u00f4nia e outros, que s\u00e3o mais esgotos a c\u00e9u aberto que Rios;<\/div>\n<div id=\"yui_3_7_2_1_1381965321431_2969\"><\/div>\n<div id=\"yui_3_7_2_1_1381965321431_2974\"><em>Florisvaldo Lopes Gon\u00e7alves \u2013 OAB\/SP: 120,,,<\/em><\/div>\n<div id=\"yui_3_7_2_1_1381965321431_2966\"><em>Presidente\/representante da OSCIP \u2013 Instituto \u00e1gua viva do saber<\/em><\/div>\n<div id=\"yui_3_7_2_1_1381965321431_2976\"><em>Entidade Ambientalista do rio Col\u00f4nia &#8211; sem fins lucrativos \u2013 atuando no 3\u00ba setor em Itoror\u00f3 e regi\u00e3o \u2013 Bahia &#8211; Brasil<\/em><\/div>\n<div id=\"yui_3_7_2_1_1381965321431_2977\"><em>Email: flgadvlopes44@yahoo.com.br<\/em><\/div>\n<div id=\"yui_3_7_2_1_1381965321431_2979\"><em>Educa\u00e7\u00e3o + Conscientiza\u00e7\u00e3o = Transforma\u00e7\u00e3o.\u00a0\u00a0\u00a0\u00a0\u00a0\u00a0\u00a0\u00a0\u00a0\u00a0<\/em><\/div>\n<div id=\"yui_3_7_2_1_1381965321431_2964\"><em>Fone: 073.9972.0094<\/em><\/div>\n","protected":false},"excerpt":{"rendered":"<p>A OSCIP, Instituto \u00e1gua viva do saber, representada por seu presidente o Advogado e Ambientalista, Dr. Florisvaldo Lopes Gon\u00e7alves, denuncia o Minist\u00e9rio P\u00fablico, na figura de sua representante a promotora de Caatiba\/S\u00e3o Jos\u00e9 do Col\u00f4nia, por negligencia e\/ou descaso com a sa\u00fade p\u00fablica e ambiental. Entenda o caso: Em 29-02-2012, o Advogado e Ambientalista acima [&hellip;]<\/p>\n","protected":false},"author":2,"featured_media":0,"comment_status":"open","ping_status":"open","sticky":false,"template":"","format":"standard","meta":{"footnotes":"","_links_to":"","_links_to_target":""},"categories":[1],"tags":[],"class_list":["post-31294","post","type-post","status-publish","format-standard","hentry","category-geral"],"views":1262,"_links":{"self":[{"href":"https:\/\/www.sudoestehoje.com.br\/novoportal\/wp-json\/wp\/v2\/posts\/31294","targetHints":{"allow":["GET"]}}],"collection":[{"href":"https:\/\/www.sudoestehoje.com.br\/novoportal\/wp-json\/wp\/v2\/posts"}],"about":[{"href":"https:\/\/www.sudoestehoje.com.br\/novoportal\/wp-json\/wp\/v2\/types\/post"}],"author":[{"embeddable":true,"href":"https:\/\/www.sudoestehoje.com.br\/novoportal\/wp-json\/wp\/v2\/users\/2"}],"replies":[{"embeddable":true,"href":"https:\/\/www.sudoestehoje.com.br\/novoportal\/wp-json\/wp\/v2\/comments?post=31294"}],"version-history":[{"count":3,"href":"https:\/\/www.sudoestehoje.com.br\/novoportal\/wp-json\/wp\/v2\/posts\/31294\/revisions"}],"predecessor-version":[{"id":31298,"href":"https:\/\/www.sudoestehoje.com.br\/novoportal\/wp-json\/wp\/v2\/posts\/31294\/revisions\/31298"}],"wp:attachment":[{"href":"https:\/\/www.sudoestehoje.com.br\/novoportal\/wp-json\/wp\/v2\/media?parent=31294"}],"wp:term":[{"taxonomy":"category","embeddable":true,"href":"https:\/\/www.sudoestehoje.com.br\/novoportal\/wp-json\/wp\/v2\/categories?post=31294"},{"taxonomy":"post_tag","embeddable":true,"href":"https:\/\/www.sudoestehoje.com.br\/novoportal\/wp-json\/wp\/v2\/tags?post=31294"}],"curies":[{"name":"wp","href":"https:\/\/api.w.org\/{rel}","templated":true}]}}