
{"id":31282,"date":"2013-10-14T22:12:47","date_gmt":"2013-10-15T01:12:47","guid":{"rendered":"http:\/\/www.sudoestehoje.com.br\/novoportal\/?p=31282"},"modified":"2013-10-14T22:12:47","modified_gmt":"2013-10-15T01:12:47","slug":"presidente-do-trt-faz-palestra-em-itapetinga-nesta-terca","status":"publish","type":"post","link":"https:\/\/www.sudoestehoje.com.br\/novoportal\/2013\/10\/14\/presidente-do-trt-faz-palestra-em-itapetinga-nesta-terca\/","title":{"rendered":"PRESIDENTE DO TRT FAZ PALESTRA EM ITAPETINGA NESTA TER\u00c7A"},"content":{"rendered":"<div id=\"attachment_31283\" style=\"width: 510px\" class=\"wp-caption aligncenter\"><a href=\"http:\/\/www.sudoestehoje.com.br\/novoportal\/wp-content\/uploads\/2013\/10\/trt.jpg\"><img decoding=\"async\" aria-describedby=\"caption-attachment-31283\" class=\" wp-image-31283 \" alt=\"Pre\" src=\"http:\/\/www.sudoestehoje.com.br\/novoportal\/wp-content\/uploads\/2013\/10\/trt.jpg\" width=\"500\" \/><\/a><p id=\"caption-attachment-31283\" class=\"wp-caption-text\">Desembargadora V\u00e2nia Chaves, presidente do Tribunal Regional do Trabalho &#8211; Bahia<\/p><\/div>\n<p>A Presidente do Tribunal Regional do Trabalho da 5\u00aa Regi\u00e3o, Desembargadora Dr.\u00aa V\u00e2nia Chaves, participa nesta ter\u00e7a-feira (15) do Semin\u00e1rio Trabalho Seguro \u2013 70 Anos da CLT, que contar\u00e1 tamb\u00e9m com a presen\u00e7a do Procurador do Trabalho, membro do MPT (Minist\u00e9rio P\u00fablico do Trabalho), Dr. Luiz Felipe dos Anjos de Melo Costa, que ir\u00e1 palestrar sobre Meio Ambiente do Trabalho Seguro \u2013 Preven\u00e7\u00f5es e Tutela. \u00a0O evento acontecer\u00e1 no Plen\u00e1rio Ulisses Guimar\u00e3es da C\u00e2mara de Vereadores de Itapetinga, a partir das 09h.<\/p>\n","protected":false},"excerpt":{"rendered":"<p>A Presidente do Tribunal Regional do Trabalho da 5\u00aa Regi\u00e3o, Desembargadora Dr.\u00aa V\u00e2nia Chaves, participa nesta ter\u00e7a-feira (15) do Semin\u00e1rio Trabalho Seguro \u2013 70 Anos da CLT, que contar\u00e1 tamb\u00e9m com a presen\u00e7a do Procurador do Trabalho, membro do MPT (Minist\u00e9rio P\u00fablico do Trabalho), Dr. Luiz Felipe dos Anjos de Melo Costa, que ir\u00e1 palestrar [&hellip;]<\/p>\n","protected":false},"author":2,"featured_media":0,"comment_status":"open","ping_status":"open","sticky":false,"template":"","format":"standard","meta":{"footnotes":"","_links_to":"","_links_to_target":""},"categories":[1],"tags":[],"class_list":["post-31282","post","type-post","status-publish","format-standard","hentry","category-geral"],"views":1066,"_links":{"self":[{"href":"https:\/\/www.sudoestehoje.com.br\/novoportal\/wp-json\/wp\/v2\/posts\/31282","targetHints":{"allow":["GET"]}}],"collection":[{"href":"https:\/\/www.sudoestehoje.com.br\/novoportal\/wp-json\/wp\/v2\/posts"}],"about":[{"href":"https:\/\/www.sudoestehoje.com.br\/novoportal\/wp-json\/wp\/v2\/types\/post"}],"author":[{"embeddable":true,"href":"https:\/\/www.sudoestehoje.com.br\/novoportal\/wp-json\/wp\/v2\/users\/2"}],"replies":[{"embeddable":true,"href":"https:\/\/www.sudoestehoje.com.br\/novoportal\/wp-json\/wp\/v2\/comments?post=31282"}],"version-history":[{"count":2,"href":"https:\/\/www.sudoestehoje.com.br\/novoportal\/wp-json\/wp\/v2\/posts\/31282\/revisions"}],"predecessor-version":[{"id":31285,"href":"https:\/\/www.sudoestehoje.com.br\/novoportal\/wp-json\/wp\/v2\/posts\/31282\/revisions\/31285"}],"wp:attachment":[{"href":"https:\/\/www.sudoestehoje.com.br\/novoportal\/wp-json\/wp\/v2\/media?parent=31282"}],"wp:term":[{"taxonomy":"category","embeddable":true,"href":"https:\/\/www.sudoestehoje.com.br\/novoportal\/wp-json\/wp\/v2\/categories?post=31282"},{"taxonomy":"post_tag","embeddable":true,"href":"https:\/\/www.sudoestehoje.com.br\/novoportal\/wp-json\/wp\/v2\/tags?post=31282"}],"curies":[{"name":"wp","href":"https:\/\/api.w.org\/{rel}","templated":true}]}}