
{"id":31272,"date":"2013-10-14T00:04:35","date_gmt":"2013-10-14T03:04:35","guid":{"rendered":"http:\/\/www.sudoestehoje.com.br\/novoportal\/?p=31272"},"modified":"2013-10-14T00:04:35","modified_gmt":"2013-10-14T03:04:35","slug":"vereador-renan-promove-festa-da-crianca-em-bandeira-do-colonia","status":"publish","type":"post","link":"https:\/\/www.sudoestehoje.com.br\/novoportal\/2013\/10\/14\/vereador-renan-promove-festa-da-crianca-em-bandeira-do-colonia\/","title":{"rendered":"VEREADOR RENAN PROMOVE FESTA DA CRIAN\u00c7A EM BANDEIRA DO COL\u00d4NIA"},"content":{"rendered":"<div id=\"attachment_31273\" style=\"width: 510px\" class=\"wp-caption aligncenter\"><a href=\"http:\/\/www.sudoestehoje.com.br\/novoportal\/wp-content\/uploads\/2013\/10\/renan.jpg\"><img decoding=\"async\" aria-describedby=\"caption-attachment-31273\" class=\" wp-image-31273 \" alt=\"Ve\" src=\"http:\/\/www.sudoestehoje.com.br\/novoportal\/wp-content\/uploads\/2013\/10\/renan.jpg\" width=\"500\" \/><\/a><p id=\"caption-attachment-31273\" class=\"wp-caption-text\">Vereador Renan Coelho e equipe, na comemora\u00e7\u00e3o do Dia da Crian\u00e7a, no Distrito de Bandeira do Col\u00f4nia.\u00a0<\/p><\/div>\n<p>O vereador Renan Coelho (PCdoB) \u00a0comemorou neste s\u00e1bado (12), junto com as crian\u00e7as do distrito de Bandeira do Col\u00f4nia, o Dia da Crian\u00e7a. A comemora\u00e7\u00e3o come\u00e7ou por volta das 15 h, com distribui\u00e7\u00e3o de pipoca, algod\u00e3o, picol\u00e9, e contou com a anima\u00e7\u00e3o de palha\u00e7o e muitos presentes para a crian\u00e7ada.<\/p>\n<p><a href=\"http:\/\/www.sudoestehoje.com.br\/novoportal\/wp-content\/uploads\/2013\/10\/renan2.jpg\"><img loading=\"lazy\" decoding=\"async\" class=\"aligncenter size-full wp-image-31274\" alt=\"renan2\" src=\"http:\/\/www.sudoestehoje.com.br\/novoportal\/wp-content\/uploads\/2013\/10\/renan2.jpg\" width=\"500\" height=\"375\" \/><\/a><\/p>\n<p>Para o vereador, a realiza\u00e7\u00e3o do evento foi de grande import\u00e2ncia, pois uniu todas as crian\u00e7as em uma \u00fanica festa comemorativa. A festa foi promovida com recurso do pr\u00f3prio vereador e de sua equipe, e mesmo diante das dificuldades encontradas, Renan fez quest\u00e3o de afirmar: \u201cEu estou feliz de ver as crian\u00e7as assim com o sorriso no rosto, isso \u00e9 demonstra\u00e7\u00e3o que elas est\u00e3o gostando de tudo que foi preparado, e que esse dia possa ficar guardado em suas mem\u00f3rias. Estou realizando um sonho\u201d, enfatizou o vereador.<\/p>\n<p><em>Ascom<\/em><\/p>\n","protected":false},"excerpt":{"rendered":"<p>O vereador Renan Coelho (PCdoB) \u00a0comemorou neste s\u00e1bado (12), junto com as crian\u00e7as do distrito de Bandeira do Col\u00f4nia, o Dia da Crian\u00e7a. A comemora\u00e7\u00e3o come\u00e7ou por volta das 15 h, com distribui\u00e7\u00e3o de pipoca, algod\u00e3o, picol\u00e9, e contou com a anima\u00e7\u00e3o de palha\u00e7o e muitos presentes para a crian\u00e7ada. Para o vereador, a realiza\u00e7\u00e3o [&hellip;]<\/p>\n","protected":false},"author":2,"featured_media":0,"comment_status":"open","ping_status":"open","sticky":false,"template":"","format":"standard","meta":{"footnotes":"","_links_to":"","_links_to_target":""},"categories":[1],"tags":[],"class_list":["post-31272","post","type-post","status-publish","format-standard","hentry","category-geral"],"views":1438,"_links":{"self":[{"href":"https:\/\/www.sudoestehoje.com.br\/novoportal\/wp-json\/wp\/v2\/posts\/31272","targetHints":{"allow":["GET"]}}],"collection":[{"href":"https:\/\/www.sudoestehoje.com.br\/novoportal\/wp-json\/wp\/v2\/posts"}],"about":[{"href":"https:\/\/www.sudoestehoje.com.br\/novoportal\/wp-json\/wp\/v2\/types\/post"}],"author":[{"embeddable":true,"href":"https:\/\/www.sudoestehoje.com.br\/novoportal\/wp-json\/wp\/v2\/users\/2"}],"replies":[{"embeddable":true,"href":"https:\/\/www.sudoestehoje.com.br\/novoportal\/wp-json\/wp\/v2\/comments?post=31272"}],"version-history":[{"count":2,"href":"https:\/\/www.sudoestehoje.com.br\/novoportal\/wp-json\/wp\/v2\/posts\/31272\/revisions"}],"predecessor-version":[{"id":31276,"href":"https:\/\/www.sudoestehoje.com.br\/novoportal\/wp-json\/wp\/v2\/posts\/31272\/revisions\/31276"}],"wp:attachment":[{"href":"https:\/\/www.sudoestehoje.com.br\/novoportal\/wp-json\/wp\/v2\/media?parent=31272"}],"wp:term":[{"taxonomy":"category","embeddable":true,"href":"https:\/\/www.sudoestehoje.com.br\/novoportal\/wp-json\/wp\/v2\/categories?post=31272"},{"taxonomy":"post_tag","embeddable":true,"href":"https:\/\/www.sudoestehoje.com.br\/novoportal\/wp-json\/wp\/v2\/tags?post=31272"}],"curies":[{"name":"wp","href":"https:\/\/api.w.org\/{rel}","templated":true}]}}