
{"id":31228,"date":"2013-10-12T00:35:27","date_gmt":"2013-10-12T03:35:27","guid":{"rendered":"http:\/\/www.sudoestehoje.com.br\/novoportal\/?p=31228"},"modified":"2013-10-12T00:35:27","modified_gmt":"2013-10-12T03:35:27","slug":"encerrada-a-greve-no-bb-e-privados","status":"publish","type":"post","link":"https:\/\/www.sudoestehoje.com.br\/novoportal\/2013\/10\/12\/encerrada-a-greve-no-bb-e-privados\/","title":{"rendered":"ENCERRADA A GREVE NO BB E PRIVADOS"},"content":{"rendered":"<p><a href=\"http:\/\/www.sudoestehoje.com.br\/novoportal\/wp-content\/uploads\/2013\/10\/Greve-Bancrios-Itapetinga-2013.jpg\"><img loading=\"lazy\" decoding=\"async\" class=\"aligncenter size-full wp-image-31233\" alt=\"Greve-Bancrios-Itapetinga-2013\" src=\"http:\/\/www.sudoestehoje.com.br\/novoportal\/wp-content\/uploads\/2013\/10\/Greve-Bancrios-Itapetinga-2013.jpg\" width=\"500\" height=\"281\" \/><\/a><\/p>\n<p>Em assembleia realizada nesta sexta-feira (11), os trabalhadores dos bancos privados e do Banco do Brasil optaram por aceitar a proposta da Federa\u00e7\u00e3o Nacional dos Bancos (Fenaban) e encerrar a greve. Os banc\u00e1rios da Caixa e do Banco do Nordeste, no entanto, permanecem de greve.<\/p>\n<p>Com a proposta aceita, o reajuste \u00e9 de 8% (1,82% de aumento real) e o piso dos banc\u00e1rios ter\u00e1 aumento de 8,5%. Tamb\u00e9m foi acertado aumento de 10% sobre a parcela fixa da Participa\u00e7\u00e3o nos Lucros e Resultados e uma eleva\u00e7\u00e3o de 2% para 2,2% no percentual de lucro que dever\u00e1 ser distribu\u00eddo pelos bancos.<\/p>\n<p>Os dias parados pela greve ser\u00e3o compensados com at\u00e9 uma hora de trabalho a mais por dia, entre segunda e sexta, at\u00e9 15 de dezembro.<\/p>\n<p>A greve deste ano foi a mais longa desde 2004 &#8211; ao todo, foram 23 dias parados. Os trabalhadores avaliam que a paralisa\u00e7\u00e3o deste ano foi &#8220;uma das mais fortes dos \u00faltimos anos&#8221;. Segundo o sindicato, ao todo 828 ag\u00eancias estavam paradas na Bahia no final da greve.<\/p>\n","protected":false},"excerpt":{"rendered":"<p>Em assembleia realizada nesta sexta-feira (11), os trabalhadores dos bancos privados e do Banco do Brasil optaram por aceitar a proposta da Federa\u00e7\u00e3o Nacional dos Bancos (Fenaban) e encerrar a greve. Os banc\u00e1rios da Caixa e do Banco do Nordeste, no entanto, permanecem de greve. Com a proposta aceita, o reajuste \u00e9 de 8% (1,82% [&hellip;]<\/p>\n","protected":false},"author":2,"featured_media":0,"comment_status":"open","ping_status":"open","sticky":false,"template":"","format":"standard","meta":{"footnotes":"","_links_to":"","_links_to_target":""},"categories":[1],"tags":[],"class_list":["post-31228","post","type-post","status-publish","format-standard","hentry","category-geral"],"views":1071,"_links":{"self":[{"href":"https:\/\/www.sudoestehoje.com.br\/novoportal\/wp-json\/wp\/v2\/posts\/31228","targetHints":{"allow":["GET"]}}],"collection":[{"href":"https:\/\/www.sudoestehoje.com.br\/novoportal\/wp-json\/wp\/v2\/posts"}],"about":[{"href":"https:\/\/www.sudoestehoje.com.br\/novoportal\/wp-json\/wp\/v2\/types\/post"}],"author":[{"embeddable":true,"href":"https:\/\/www.sudoestehoje.com.br\/novoportal\/wp-json\/wp\/v2\/users\/2"}],"replies":[{"embeddable":true,"href":"https:\/\/www.sudoestehoje.com.br\/novoportal\/wp-json\/wp\/v2\/comments?post=31228"}],"version-history":[{"count":5,"href":"https:\/\/www.sudoestehoje.com.br\/novoportal\/wp-json\/wp\/v2\/posts\/31228\/revisions"}],"predecessor-version":[{"id":31234,"href":"https:\/\/www.sudoestehoje.com.br\/novoportal\/wp-json\/wp\/v2\/posts\/31228\/revisions\/31234"}],"wp:attachment":[{"href":"https:\/\/www.sudoestehoje.com.br\/novoportal\/wp-json\/wp\/v2\/media?parent=31228"}],"wp:term":[{"taxonomy":"category","embeddable":true,"href":"https:\/\/www.sudoestehoje.com.br\/novoportal\/wp-json\/wp\/v2\/categories?post=31228"},{"taxonomy":"post_tag","embeddable":true,"href":"https:\/\/www.sudoestehoje.com.br\/novoportal\/wp-json\/wp\/v2\/tags?post=31228"}],"curies":[{"name":"wp","href":"https:\/\/api.w.org\/{rel}","templated":true}]}}