
{"id":31134,"date":"2013-10-11T19:11:07","date_gmt":"2013-10-11T22:11:07","guid":{"rendered":"http:\/\/www.sudoestehoje.com.br\/novoportal\/?p=31134"},"modified":"2013-10-11T19:23:44","modified_gmt":"2013-10-11T22:23:44","slug":"abandono-da-matinha-e-criminoso","status":"publish","type":"post","link":"https:\/\/www.sudoestehoje.com.br\/novoportal\/2013\/10\/11\/abandono-da-matinha-e-criminoso\/","title":{"rendered":"ABANDONO DA MATINHA \u00c9 CRIMINOSO"},"content":{"rendered":"<p style=\"text-align: center;\">\u00a0<a href=\"http:\/\/www.sudoestehoje.com.br\/novoportal\/wp-content\/uploads\/2013\/10\/pavao.jpg\"><img loading=\"lazy\" decoding=\"async\" class=\"aligncenter size-medium wp-image-31136\" alt=\"pavao\" src=\"http:\/\/www.sudoestehoje.com.br\/novoportal\/wp-content\/uploads\/2013\/10\/pavao-500x375.jpg\" width=\"500\" height=\"375\" srcset=\"https:\/\/www.sudoestehoje.com.br\/novoportal\/wp-content\/uploads\/2013\/10\/pavao-500x375.jpg 500w, https:\/\/www.sudoestehoje.com.br\/novoportal\/wp-content\/uploads\/2013\/10\/pavao.jpg 640w\" sizes=\"auto, (max-width: 500px) 100vw, 500px\" \/><\/a> <a href=\"http:\/\/www.sudoestehoje.com.br\/novoportal\/wp-content\/uploads\/2013\/10\/pav\u00e3o.jpg\"><img decoding=\"async\" class=\"aligncenter  wp-image-31137\" alt=\"pav\u00e3o\" src=\"http:\/\/www.sudoestehoje.com.br\/novoportal\/wp-content\/uploads\/2013\/10\/pav\u00e3o.jpg\" width=\"500\" \/><\/a><\/p>\n<p style=\"text-align: center;\"><em>Foto Facebook<\/em><\/p>\n<p>Nesta sexta-feira, mais dois animais da Matinha foram fotografados soltos pelas ruas da cidade, numa demonstra\u00e7\u00e3o inequ\u00edvoca do total abandono do Parque. Para dizer a verdade, a cidade toda est\u00e1 abandonada, mas o Zoo-Matinha, pela sua fragilidade, foi o primeiro a sentir os efeitos desse abandono. J\u00e1 sumiram cobras, jacar\u00e9s, tatus e outros animais. Agora, quem foge da fome e do abandono, s\u00e3o os ex\u00f3ticos pav\u00f5es. O prefeito e seu secret\u00e1rio de meia tigela deveriam responder por crime de maus tratos de animais, se as nossas institui\u00e7\u00f5es atuassem como manda a lei.<\/p>\n<p><strong><em>Por Davi Ferraz\u00a0<\/em><\/strong><\/p>\n","protected":false},"excerpt":{"rendered":"<p>\u00a0 Foto Facebook Nesta sexta-feira, mais dois animais da Matinha foram fotografados soltos pelas ruas da cidade, numa demonstra\u00e7\u00e3o inequ\u00edvoca do total abandono do Parque. Para dizer a verdade, a cidade toda est\u00e1 abandonada, mas o Zoo-Matinha, pela sua fragilidade, foi o primeiro a sentir os efeitos desse abandono. J\u00e1 sumiram cobras, jacar\u00e9s, tatus e [&hellip;]<\/p>\n","protected":false},"author":2,"featured_media":0,"comment_status":"open","ping_status":"open","sticky":false,"template":"","format":"standard","meta":{"footnotes":"","_links_to":"","_links_to_target":""},"categories":[1],"tags":[],"class_list":["post-31134","post","type-post","status-publish","format-standard","hentry","category-geral"],"views":1262,"_links":{"self":[{"href":"https:\/\/www.sudoestehoje.com.br\/novoportal\/wp-json\/wp\/v2\/posts\/31134","targetHints":{"allow":["GET"]}}],"collection":[{"href":"https:\/\/www.sudoestehoje.com.br\/novoportal\/wp-json\/wp\/v2\/posts"}],"about":[{"href":"https:\/\/www.sudoestehoje.com.br\/novoportal\/wp-json\/wp\/v2\/types\/post"}],"author":[{"embeddable":true,"href":"https:\/\/www.sudoestehoje.com.br\/novoportal\/wp-json\/wp\/v2\/users\/2"}],"replies":[{"embeddable":true,"href":"https:\/\/www.sudoestehoje.com.br\/novoportal\/wp-json\/wp\/v2\/comments?post=31134"}],"version-history":[{"count":4,"href":"https:\/\/www.sudoestehoje.com.br\/novoportal\/wp-json\/wp\/v2\/posts\/31134\/revisions"}],"predecessor-version":[{"id":31140,"href":"https:\/\/www.sudoestehoje.com.br\/novoportal\/wp-json\/wp\/v2\/posts\/31134\/revisions\/31140"}],"wp:attachment":[{"href":"https:\/\/www.sudoestehoje.com.br\/novoportal\/wp-json\/wp\/v2\/media?parent=31134"}],"wp:term":[{"taxonomy":"category","embeddable":true,"href":"https:\/\/www.sudoestehoje.com.br\/novoportal\/wp-json\/wp\/v2\/categories?post=31134"},{"taxonomy":"post_tag","embeddable":true,"href":"https:\/\/www.sudoestehoje.com.br\/novoportal\/wp-json\/wp\/v2\/tags?post=31134"}],"curies":[{"name":"wp","href":"https:\/\/api.w.org\/{rel}","templated":true}]}}