
{"id":31126,"date":"2013-10-10T19:32:58","date_gmt":"2013-10-10T22:32:58","guid":{"rendered":"http:\/\/www.sudoestehoje.com.br\/novoportal\/?p=31126"},"modified":"2013-10-10T19:32:58","modified_gmt":"2013-10-10T22:32:58","slug":"jai-dos-teclados-recebera-titulo-de-cidadao-itapetinguense","status":"publish","type":"post","link":"https:\/\/www.sudoestehoje.com.br\/novoportal\/2013\/10\/10\/jai-dos-teclados-recebera-titulo-de-cidadao-itapetinguense\/","title":{"rendered":"JAI DOS TECLADOS RECEBER\u00c1 T\u00cdTULO DE CIDAD\u00c3O ITAPETINGUENSE"},"content":{"rendered":"<p><a href=\"http:\/\/www.sudoestehoje.com.br\/novoportal\/wp-content\/uploads\/2013\/10\/jaii.jpg\"><img loading=\"lazy\" decoding=\"async\" class=\"aligncenter size-full wp-image-31127\" alt=\"jaii\" src=\"http:\/\/www.sudoestehoje.com.br\/novoportal\/wp-content\/uploads\/2013\/10\/jaii.jpg\" width=\"444\" height=\"328\" \/><\/a><\/p>\n<p>Por iniciativa do Vereador Alfredo Cabral de Assis \u00a0(PSD), atrav\u00e9s do Projeto de Decreto Legislativo n\u00ba 007\/2013, a C\u00e2mara Municipal de Itapetinga, por unanimidade, concedeu o \u00a0Titulo de Cidad\u00e3o Honorifico de Itapetinga ao Sr. JAIR MENDES DA SILVA, o &#8220;Jai dos Teclados&#8221;.<\/p>\n<p>Musico de teclado, viol\u00e3o, guitarra e contra-baixo, Jai \u00e9 considerado um fen\u00f4meno no campo da m\u00fasica, em decorr\u00eancia da sua defici\u00eancia visual. Apesar de ser\u00a0natural de S\u00e3o Paulo, \u00e9 itapetinguense por op\u00e7\u00e3o, sendo figura destacada no campo art\u00edstico em toda a regi\u00e3o. A data para entrega do t\u00edtulo ainda ser\u00e1 agendada pela Mesa Diretora da C\u00e2mara Municipal.<\/p>\n<p><em>Ascom<\/em><\/p>\n","protected":false},"excerpt":{"rendered":"<p>Por iniciativa do Vereador Alfredo Cabral de Assis \u00a0(PSD), atrav\u00e9s do Projeto de Decreto Legislativo n\u00ba 007\/2013, a C\u00e2mara Municipal de Itapetinga, por unanimidade, concedeu o \u00a0Titulo de Cidad\u00e3o Honorifico de Itapetinga ao Sr. JAIR MENDES DA SILVA, o &#8220;Jai dos Teclados&#8221;. Musico de teclado, viol\u00e3o, guitarra e contra-baixo, Jai \u00e9 considerado um fen\u00f4meno no [&hellip;]<\/p>\n","protected":false},"author":2,"featured_media":0,"comment_status":"open","ping_status":"open","sticky":false,"template":"","format":"standard","meta":{"footnotes":"","_links_to":"","_links_to_target":""},"categories":[1],"tags":[],"class_list":["post-31126","post","type-post","status-publish","format-standard","hentry","category-geral"],"views":1176,"_links":{"self":[{"href":"https:\/\/www.sudoestehoje.com.br\/novoportal\/wp-json\/wp\/v2\/posts\/31126","targetHints":{"allow":["GET"]}}],"collection":[{"href":"https:\/\/www.sudoestehoje.com.br\/novoportal\/wp-json\/wp\/v2\/posts"}],"about":[{"href":"https:\/\/www.sudoestehoje.com.br\/novoportal\/wp-json\/wp\/v2\/types\/post"}],"author":[{"embeddable":true,"href":"https:\/\/www.sudoestehoje.com.br\/novoportal\/wp-json\/wp\/v2\/users\/2"}],"replies":[{"embeddable":true,"href":"https:\/\/www.sudoestehoje.com.br\/novoportal\/wp-json\/wp\/v2\/comments?post=31126"}],"version-history":[{"count":1,"href":"https:\/\/www.sudoestehoje.com.br\/novoportal\/wp-json\/wp\/v2\/posts\/31126\/revisions"}],"predecessor-version":[{"id":31128,"href":"https:\/\/www.sudoestehoje.com.br\/novoportal\/wp-json\/wp\/v2\/posts\/31126\/revisions\/31128"}],"wp:attachment":[{"href":"https:\/\/www.sudoestehoje.com.br\/novoportal\/wp-json\/wp\/v2\/media?parent=31126"}],"wp:term":[{"taxonomy":"category","embeddable":true,"href":"https:\/\/www.sudoestehoje.com.br\/novoportal\/wp-json\/wp\/v2\/categories?post=31126"},{"taxonomy":"post_tag","embeddable":true,"href":"https:\/\/www.sudoestehoje.com.br\/novoportal\/wp-json\/wp\/v2\/tags?post=31126"}],"curies":[{"name":"wp","href":"https:\/\/api.w.org\/{rel}","templated":true}]}}