
{"id":31084,"date":"2013-10-09T22:09:56","date_gmt":"2013-10-10T01:09:56","guid":{"rendered":"http:\/\/www.sudoestehoje.com.br\/novoportal\/?p=31084"},"modified":"2013-10-09T22:09:57","modified_gmt":"2013-10-10T01:09:57","slug":"marco-aurelio-volta-a-presidir-tse","status":"publish","type":"post","link":"https:\/\/www.sudoestehoje.com.br\/novoportal\/2013\/10\/09\/marco-aurelio-volta-a-presidir-tse\/","title":{"rendered":"MARCO AUR\u00c9LIO VOLTA A PRESIDIR TSE"},"content":{"rendered":"<p><a href=\"http:\/\/www.sudoestehoje.com.br\/novoportal\/wp-content\/uploads\/2013\/10\/marcoaurelio.jpg\"><img loading=\"lazy\" decoding=\"async\" class=\"aligncenter size-full wp-image-31085\" alt=\"marcoaurelio\" src=\"http:\/\/www.sudoestehoje.com.br\/novoportal\/wp-content\/uploads\/2013\/10\/marcoaurelio.jpg\" width=\"460\" height=\"306\" \/><\/a><\/p>\n<p>O ministro Marco Aur\u00e9lio foi eleito para o cargo de presidente do Tribunal Superior Eleitoral (TSE). O ministro substituir\u00e1 a presidente\u00a0Carmen L\u00facia, a partir do dia 19 de novembro. A vota\u00e7\u00e3o foi simb\u00f3lica, pois o ministro \u00e9 o atual vice-presidente do tribunal.<\/p>\n<p>Com a elei\u00e7\u00e3o, Marco Aur\u00e9lio ocupar\u00e1 a cadeira de presidente da corte pela terceira vez. O primeiro mandato foi de 1996 a 1997, e o segundo, de 2006 a 2008. No entanto, o ministro n\u00e3o presidir\u00e1 as elei\u00e7\u00f5es presidenciais do ano que vem. Dias Toffoli, eleito vice-presidente, ocupar\u00e1 a cadeira de Marco Aur\u00e9lio, que deixar\u00e1 o TSE em maio de 2014, quando completar\u00e1 quatro anos seguidos no tribunal, e dever\u00e1 ser substitu\u00eddo por outro ministro do Supremo Tribunal Federal (STF).<\/p>\n<p>O plen\u00e1rio do TSE \u00e9 composto por sete ministros. Tr\u00eas s\u00e3o oriundos do Supremo, dois do Superior Tribunal de Justi\u00e7a (STJ) e dois advogados nomeados pela Presid\u00eancia da Rep\u00fablica.<\/p>\n","protected":false},"excerpt":{"rendered":"<p>O ministro Marco Aur\u00e9lio foi eleito para o cargo de presidente do Tribunal Superior Eleitoral (TSE). O ministro substituir\u00e1 a presidente\u00a0Carmen L\u00facia, a partir do dia 19 de novembro. A vota\u00e7\u00e3o foi simb\u00f3lica, pois o ministro \u00e9 o atual vice-presidente do tribunal. Com a elei\u00e7\u00e3o, Marco Aur\u00e9lio ocupar\u00e1 a cadeira de presidente da corte pela [&hellip;]<\/p>\n","protected":false},"author":2,"featured_media":0,"comment_status":"open","ping_status":"open","sticky":false,"template":"","format":"standard","meta":{"footnotes":"","_links_to":"","_links_to_target":""},"categories":[1],"tags":[],"class_list":["post-31084","post","type-post","status-publish","format-standard","hentry","category-geral"],"views":1059,"_links":{"self":[{"href":"https:\/\/www.sudoestehoje.com.br\/novoportal\/wp-json\/wp\/v2\/posts\/31084","targetHints":{"allow":["GET"]}}],"collection":[{"href":"https:\/\/www.sudoestehoje.com.br\/novoportal\/wp-json\/wp\/v2\/posts"}],"about":[{"href":"https:\/\/www.sudoestehoje.com.br\/novoportal\/wp-json\/wp\/v2\/types\/post"}],"author":[{"embeddable":true,"href":"https:\/\/www.sudoestehoje.com.br\/novoportal\/wp-json\/wp\/v2\/users\/2"}],"replies":[{"embeddable":true,"href":"https:\/\/www.sudoestehoje.com.br\/novoportal\/wp-json\/wp\/v2\/comments?post=31084"}],"version-history":[{"count":3,"href":"https:\/\/www.sudoestehoje.com.br\/novoportal\/wp-json\/wp\/v2\/posts\/31084\/revisions"}],"predecessor-version":[{"id":31088,"href":"https:\/\/www.sudoestehoje.com.br\/novoportal\/wp-json\/wp\/v2\/posts\/31084\/revisions\/31088"}],"wp:attachment":[{"href":"https:\/\/www.sudoestehoje.com.br\/novoportal\/wp-json\/wp\/v2\/media?parent=31084"}],"wp:term":[{"taxonomy":"category","embeddable":true,"href":"https:\/\/www.sudoestehoje.com.br\/novoportal\/wp-json\/wp\/v2\/categories?post=31084"},{"taxonomy":"post_tag","embeddable":true,"href":"https:\/\/www.sudoestehoje.com.br\/novoportal\/wp-json\/wp\/v2\/tags?post=31084"}],"curies":[{"name":"wp","href":"https:\/\/api.w.org\/{rel}","templated":true}]}}