
{"id":31082,"date":"2013-10-09T22:21:52","date_gmt":"2013-10-10T01:21:52","guid":{"rendered":"http:\/\/www.sudoestehoje.com.br\/novoportal\/?p=31082"},"modified":"2013-10-10T12:45:08","modified_gmt":"2013-10-10T15:45:08","slug":"fjs-inaugura-uti-no-cristo-redentor-para-atender-itapetinga-e-regiao","status":"publish","type":"post","link":"https:\/\/www.sudoestehoje.com.br\/novoportal\/2013\/10\/09\/fjs-inaugura-uti-no-cristo-redentor-para-atender-itapetinga-e-regiao\/","title":{"rendered":"FJS INAUGURA UTI NO CRISTO REDENTOR PARA ATENDER ITAPETINGA E REGI\u00c3O"},"content":{"rendered":"<p style=\"text-align: center;\">\u00a0<a href=\"http:\/\/www.sudoestehoje.com.br\/novoportal\/wp-content\/uploads\/2013\/10\/Hospital-Cristo-Redentor-FJS-20131-426x320.jpg\"><img decoding=\"async\" class=\"aligncenter  wp-image-31089\" alt=\"Hospital-Cristo-Redentor-FJS-20131-426x320\" src=\"http:\/\/www.sudoestehoje.com.br\/novoportal\/wp-content\/uploads\/2013\/10\/Hospital-Cristo-Redentor-FJS-20131-426x320.jpg\" width=\"450\" \/><\/a><\/p>\n<p>Tr\u00eas meses ap\u00f3s assumir o Hospital Cristo Redentor, a Funda\u00e7\u00e3o Jos\u00e9 Silveira (FjS) entrega \u00e0 popula\u00e7\u00e3o a UTI da unidade e a primeira do munic\u00edpio de Itapetinga, em solenidade marcada para a pr\u00f3xima sexta-feira(11\/10), a partir das 9:30h. S\u00e3o nove leitos dotados de sistema de monitoriza\u00e7\u00e3o cont\u00ednua para a assit\u00eancia aos pacientes em situa\u00e7\u00e3o cr\u00edtica.\u00a0A obra foi realiza em parceria com o Governo do Estado, atrav\u00e9s da Secretaria Estadual de Sa\u00fade (Sesab).<\/p>\n<p>O Cristo Redentor vem passando por obras e interven\u00e7\u00f5es com impacto positivo na assist\u00eancia prestada aos moradores da regi\u00e3o. O Hospital est\u00e1 sendo renovado pela Funda\u00e7\u00e3o Jos\u00e9 Silveira, atrav\u00e9s da reestrutura\u00e7\u00e3o de \u00e1reas fundamentais para suprir as necessidades da popula\u00e7\u00e3o. As melhorias contemplam setores de grande fluxo, como a emerg\u00eancia e o servi\u00e7o de obstetr\u00edcia.<\/p>\n<p>A proposta \u00e9 assegurar \u00e0 popula\u00e7\u00e3o da microrregi\u00e3o de Itapetinga\u00a0 servi\u00e7os em condi\u00e7\u00f5es adequadas, com a oferta de atendimentos em diferentes especialidades m\u00e9dicas. O \u00eaxito das a\u00e7\u00f5es reafirma a trajet\u00f3ria bem sucedida da FJS em seus 76 anos de bons servi\u00e7os prestados na \u00e1rea de sa\u00fade e da assist\u00eancia social, em benef\u00edcio dos cidad\u00e3os em situa\u00e7\u00e3o de vulnerabilidade social.<\/p>\n<p><em><strong id=\"yui_3_7_2_1_1381363399839_2868\">Ascom Funda\u00e7\u00e3o Jos\u00e9 Silveira<\/strong><\/em><\/p>\n","protected":false},"excerpt":{"rendered":"<p>\u00a0 Tr\u00eas meses ap\u00f3s assumir o Hospital Cristo Redentor, a Funda\u00e7\u00e3o Jos\u00e9 Silveira (FjS) entrega \u00e0 popula\u00e7\u00e3o a UTI da unidade e a primeira do munic\u00edpio de Itapetinga, em solenidade marcada para a pr\u00f3xima sexta-feira(11\/10), a partir das 9:30h. S\u00e3o nove leitos dotados de sistema de monitoriza\u00e7\u00e3o cont\u00ednua para a assit\u00eancia aos pacientes em situa\u00e7\u00e3o [&hellip;]<\/p>\n","protected":false},"author":2,"featured_media":0,"comment_status":"open","ping_status":"open","sticky":false,"template":"","format":"standard","meta":{"footnotes":"","_links_to":"","_links_to_target":""},"categories":[1],"tags":[],"class_list":["post-31082","post","type-post","status-publish","format-standard","hentry","category-geral"],"views":1047,"_links":{"self":[{"href":"https:\/\/www.sudoestehoje.com.br\/novoportal\/wp-json\/wp\/v2\/posts\/31082","targetHints":{"allow":["GET"]}}],"collection":[{"href":"https:\/\/www.sudoestehoje.com.br\/novoportal\/wp-json\/wp\/v2\/posts"}],"about":[{"href":"https:\/\/www.sudoestehoje.com.br\/novoportal\/wp-json\/wp\/v2\/types\/post"}],"author":[{"embeddable":true,"href":"https:\/\/www.sudoestehoje.com.br\/novoportal\/wp-json\/wp\/v2\/users\/2"}],"replies":[{"embeddable":true,"href":"https:\/\/www.sudoestehoje.com.br\/novoportal\/wp-json\/wp\/v2\/comments?post=31082"}],"version-history":[{"count":4,"href":"https:\/\/www.sudoestehoje.com.br\/novoportal\/wp-json\/wp\/v2\/posts\/31082\/revisions"}],"predecessor-version":[{"id":31103,"href":"https:\/\/www.sudoestehoje.com.br\/novoportal\/wp-json\/wp\/v2\/posts\/31082\/revisions\/31103"}],"wp:attachment":[{"href":"https:\/\/www.sudoestehoje.com.br\/novoportal\/wp-json\/wp\/v2\/media?parent=31082"}],"wp:term":[{"taxonomy":"category","embeddable":true,"href":"https:\/\/www.sudoestehoje.com.br\/novoportal\/wp-json\/wp\/v2\/categories?post=31082"},{"taxonomy":"post_tag","embeddable":true,"href":"https:\/\/www.sudoestehoje.com.br\/novoportal\/wp-json\/wp\/v2\/tags?post=31082"}],"curies":[{"name":"wp","href":"https:\/\/api.w.org\/{rel}","templated":true}]}}