
{"id":31069,"date":"2013-10-09T19:05:17","date_gmt":"2013-10-09T22:05:17","guid":{"rendered":"http:\/\/www.sudoestehoje.com.br\/novoportal\/?p=31069"},"modified":"2013-10-09T21:00:08","modified_gmt":"2013-10-10T00:00:08","slug":"declaracoes-de-rosemberg-sobre-disputa-de-lula-x-wagner-causa-nervosismo-no-pt-e-base-aliada","status":"publish","type":"post","link":"https:\/\/www.sudoestehoje.com.br\/novoportal\/2013\/10\/09\/declaracoes-de-rosemberg-sobre-disputa-de-lula-x-wagner-causa-nervosismo-no-pt-e-base-aliada\/","title":{"rendered":"ROSEMBERG FALA DEMAIS E CRIA REBU NO PT E NA BASE GOVERNISTA"},"content":{"rendered":"<p style=\"text-align: center;\"><a href=\"http:\/\/www.sudoestehoje.com.br\/novoportal\/wp-content\/uploads\/2013\/10\/ros.jpg\"><img decoding=\"async\" class=\"aligncenter  wp-image-31070\" alt=\"ros\" src=\"http:\/\/www.sudoestehoje.com.br\/novoportal\/wp-content\/uploads\/2013\/10\/ros.jpg\" width=\"450\" \/><\/a><\/p>\n<p>Em entrevista ao Bahia Not\u00edcias, o l\u00edder do PT na Assembl\u00e9ia Legislativa, Rosemberg Pinto, acabou falando pelos cotovelos ao afirmar que o candidato \u00e0 sucess\u00e3o de Wagner seria obrigatoriamente do PT, sem nenhuma chance para os postulantes dos partidos da base, \u00a0e que estaria havendo uma verdadeira disputa entre Lula e Wagner, para decidir quem indicaria o nome do candidato, que poderia ser Gabrielli, o preferido de Lula (e de Rosemberg), ou Rui Costa, o homem de confian\u00e7a de Wagner.<\/p>\n<p>Rosemberg n\u00e3o disse nada que o mundo pol\u00edtico baiano j\u00e1 n\u00e3o soubesse, mas suas declara\u00e7\u00f5es causaram o maior r\u00ea-t\u00ea-t\u00ea \u00a0e um enorme desconforto no reduto governista, com lideran\u00e7as da base aliada reclamando o escambau e at\u00e9 amea\u00e7ando rompimento, fora os outros dois pr\u00e9-candidatos petistas, Walter Pinheiro e Luiz Caetano, que soltaram fogo pelas ventas, diante da infeliz e intempestiva declara\u00e7\u00e3o de Rosemberg.<\/p>\n<p>\u00c9 bem prov\u00e1vel que o ne\u00f3fito deputado tenha tomado um corretivo do pr\u00f3prio Wagner e dos dirigentes do PT, pois n\u00e3o tardou para que ele pr\u00f3prio, utilizando as redes sociais, tentasse desmentir a\u00a0<a href=\"http:\/\/www.bahianoticias.com.br\/principal\/noticia\/144777-negromonte-diz-nao-ter-que-engolir-decisao-pouco-inteligente-do-pt-de-indicar-sucessor-de-wagner.html\" target=\"_blank\">reportagem do Bahia Not\u00edcias<\/a>\u00a0sobre a\u00a0<a href=\"http:\/\/www.bahianoticias.com.br\/principal\/noticia\/144140-039-eleicao-do-pt-nao-pode-ser-contaminada-nao-quero-ser-candidato-da-discordia-039-diz-pinheiro.html\" target=\"_blank\">disputa interna<\/a>\u00a0no seu partido e, em contato com o site, amea\u00e7ou &#8220;levar a quest\u00e3o para a tribuna da Casa&#8221;. Alegou n\u00e3o ser &#8220;midi\u00e1tico&#8221;, disse que n\u00e3o procurou a reportagem e que o conte\u00fado da conversa, na qual ele sentenciou que o nome da base ser\u00e1 petista, foi distorcido.<\/p>\n<p>Para quem n\u00e3o conhece a figura, \u00e9 bom ir se acostumando, pois o cara vai e vem na \u00a0maior naturalidade, e quando pegam no seu p\u00e9, salta dos tamancos. Com o Bahia Not\u00edcias, ele amea\u00e7ou levar o caso \u00e0 tribuna da Assembl\u00e9ia, mas comigo, a ame\u00e7a foi bem mais s\u00e9ria. Mas acabou amaciando&#8230;<\/p>\n<p><strong><em>Por Davi Ferraz\u00a0<\/em><\/strong><\/p>\n","protected":false},"excerpt":{"rendered":"<p>Em entrevista ao Bahia Not\u00edcias, o l\u00edder do PT na Assembl\u00e9ia Legislativa, Rosemberg Pinto, acabou falando pelos cotovelos ao afirmar que o candidato \u00e0 sucess\u00e3o de Wagner seria obrigatoriamente do PT, sem nenhuma chance para os postulantes dos partidos da base, \u00a0e que estaria havendo uma verdadeira disputa entre Lula e Wagner, para decidir quem [&hellip;]<\/p>\n","protected":false},"author":2,"featured_media":0,"comment_status":"open","ping_status":"open","sticky":false,"template":"","format":"standard","meta":{"footnotes":"","_links_to":"","_links_to_target":""},"categories":[1],"tags":[],"class_list":["post-31069","post","type-post","status-publish","format-standard","hentry","category-geral"],"views":1052,"_links":{"self":[{"href":"https:\/\/www.sudoestehoje.com.br\/novoportal\/wp-json\/wp\/v2\/posts\/31069","targetHints":{"allow":["GET"]}}],"collection":[{"href":"https:\/\/www.sudoestehoje.com.br\/novoportal\/wp-json\/wp\/v2\/posts"}],"about":[{"href":"https:\/\/www.sudoestehoje.com.br\/novoportal\/wp-json\/wp\/v2\/types\/post"}],"author":[{"embeddable":true,"href":"https:\/\/www.sudoestehoje.com.br\/novoportal\/wp-json\/wp\/v2\/users\/2"}],"replies":[{"embeddable":true,"href":"https:\/\/www.sudoestehoje.com.br\/novoportal\/wp-json\/wp\/v2\/comments?post=31069"}],"version-history":[{"count":11,"href":"https:\/\/www.sudoestehoje.com.br\/novoportal\/wp-json\/wp\/v2\/posts\/31069\/revisions"}],"predecessor-version":[{"id":31081,"href":"https:\/\/www.sudoestehoje.com.br\/novoportal\/wp-json\/wp\/v2\/posts\/31069\/revisions\/31081"}],"wp:attachment":[{"href":"https:\/\/www.sudoestehoje.com.br\/novoportal\/wp-json\/wp\/v2\/media?parent=31069"}],"wp:term":[{"taxonomy":"category","embeddable":true,"href":"https:\/\/www.sudoestehoje.com.br\/novoportal\/wp-json\/wp\/v2\/categories?post=31069"},{"taxonomy":"post_tag","embeddable":true,"href":"https:\/\/www.sudoestehoje.com.br\/novoportal\/wp-json\/wp\/v2\/tags?post=31069"}],"curies":[{"name":"wp","href":"https:\/\/api.w.org\/{rel}","templated":true}]}}