
{"id":31059,"date":"2013-10-09T13:03:20","date_gmt":"2013-10-09T16:03:20","guid":{"rendered":"http:\/\/www.sudoestehoje.com.br\/novoportal\/?p=31059"},"modified":"2013-10-09T13:03:20","modified_gmt":"2013-10-09T16:03:20","slug":"jovem-itororoense-morre-e-causa-mortis-nao-e-esclarecida","status":"publish","type":"post","link":"https:\/\/www.sudoestehoje.com.br\/novoportal\/2013\/10\/09\/jovem-itororoense-morre-e-causa-mortis-nao-e-esclarecida\/","title":{"rendered":"JOVEM ITOROROENSE MORRE E CAUSA MORTIS N\u00c3O \u00c9 ESCLARECIDA"},"content":{"rendered":"<p><a href=\"http:\/\/www.sudoestehoje.com.br\/novoportal\/wp-content\/uploads\/2013\/10\/nei-3.jpg\"><img loading=\"lazy\" decoding=\"async\" class=\"aligncenter size-medium wp-image-31060\" alt=\"nei-3\" src=\"http:\/\/www.sudoestehoje.com.br\/novoportal\/wp-content\/uploads\/2013\/10\/nei-3-500x375.jpg\" width=\"500\" height=\"375\" srcset=\"https:\/\/www.sudoestehoje.com.br\/novoportal\/wp-content\/uploads\/2013\/10\/nei-3-500x375.jpg 500w, https:\/\/www.sudoestehoje.com.br\/novoportal\/wp-content\/uploads\/2013\/10\/nei-3-700x525.jpg 700w, https:\/\/www.sudoestehoje.com.br\/novoportal\/wp-content\/uploads\/2013\/10\/nei-3.jpg 960w\" sizes=\"auto, (max-width: 500px) 100vw, 500px\" \/><\/a><\/p>\n<p>Ap\u00f3s 10 dias de internamento faleceu na noite desta ter\u00e7a-feira, 08, no Hospital de Base de Vit\u00f3ria da Conquista a design de sobrancelha Marin\u00eas Castro de 36 anos conhecida por \u201cNey\u201d.\u00a0At\u00e9 o momento a causa da morte da jovem \u00e9 desconhecida, j\u00e1 que, duas hip\u00f3teses est\u00e3o sendo investigadas.<\/p>\n<p>A primeira seria uma queda de moto que Ney sofreu no domingo dia 29 de setembro, bateu a cabe\u00e7a e teve um AVC Cerebral seguido de v\u00e1rias convuls\u00f5es. M\u00e9dicos da Funda\u00e7\u00e3o Jos\u00e9 Silveira (Hospital Cristo Redentor) identificaram tamb\u00e9m a possibilidade de Ney ter sido contaminada por \u201cFebre Maculosa\u201d ap\u00f3s ter sido picada por um carrapato, essa seria a segunda hip\u00f3tese, pois, Ney apresentou sinais da doen\u00e7a. A\u00a0febre maculosa, tamb\u00e9m chamada de\u00a0febre do carrapato\u00a0\u00e9 uma doen\u00e7a febril aguda, de gravidade vari\u00e1vel, causada pela\u00a0<a title=\"Bact\u00e9ria\" href=\"http:\/\/pt.wikipedia.org\/wiki\/Bact%C3%A9ria\">bact\u00e9ria<\/a>\u00a0<a title=\"Rickettsia rickettsii\" href=\"http:\/\/pt.wikipedia.org\/wiki\/Rickettsia_rickettsii\">Rickettsia rickettsii<\/a>\u00a0e transmitida pela picada do\u00a0<a title=\"Carrapato\" href=\"http:\/\/pt.wikipedia.org\/wiki\/Carrapato\">carrapato<\/a>\u00a0da esp\u00e9cie\u00a0<a title=\"Amblyomma cajennense\" href=\"http:\/\/pt.wikipedia.org\/wiki\/Amblyomma_cajennense\">Amblyomma cajennense<\/a>\u00a0. A mulher precisou ser sedada por quase 2 dias para que parasse de ter convuls\u00f5es.<!--more--><\/p>\n<p>Ap\u00f3s quase uma semana internada no Hospital Cristo Redentor, Marines foi transferida para o Hospital de Base de Vit\u00f3ria da Conquista, onde segundo a pr\u00f3pria fam\u00edlia teve um atendimento escasso. Foi realizada uma tomografia para se observar a gravidade do AVC, por\u00e9m, ningu\u00e9m da fam\u00edlia recebeu informa\u00e7\u00f5es sobre o resultado do exame.<\/p>\n<p>Um parente de Ney informou a equipe do Blog Itoror\u00f3 J\u00e1 que a mesma n\u00e3o recebeu atendimento adequado pela parte m\u00e9dica do Hospital de Base e que Ney vinha passando muito mal desde as 20:00hs desta ter\u00e7a-feira, mas, somente as 22:00hs recebeu atendimento. N\u00e3o resistiu e veio a \u00f3bito.<\/p>\n<p>A fam\u00edlia aguarda o resultado da certid\u00e3o de \u00f3bito para assim terem certeza da causa da morte da jovem.<\/p>\n<p>Ney que deixa uma filha trabalhou por mais de 10 anos na Vulcabraz\/Azaleia e atualmente era uma design de sobrancelha muito conhecida em Itoror\u00f3.<\/p>\n<p>Informa\u00e7\u00f5es do Blog Itoror\u00f3 J\u00e1<\/p>\n","protected":false},"excerpt":{"rendered":"<p>Ap\u00f3s 10 dias de internamento faleceu na noite desta ter\u00e7a-feira, 08, no Hospital de Base de Vit\u00f3ria da Conquista a design de sobrancelha Marin\u00eas Castro de 36 anos conhecida por \u201cNey\u201d.\u00a0At\u00e9 o momento a causa da morte da jovem \u00e9 desconhecida, j\u00e1 que, duas hip\u00f3teses est\u00e3o sendo investigadas. A primeira seria uma queda de moto [&hellip;]<\/p>\n","protected":false},"author":2,"featured_media":0,"comment_status":"open","ping_status":"open","sticky":false,"template":"","format":"standard","meta":{"footnotes":"","_links_to":"","_links_to_target":""},"categories":[1],"tags":[],"class_list":["post-31059","post","type-post","status-publish","format-standard","hentry","category-geral"],"views":1291,"_links":{"self":[{"href":"https:\/\/www.sudoestehoje.com.br\/novoportal\/wp-json\/wp\/v2\/posts\/31059","targetHints":{"allow":["GET"]}}],"collection":[{"href":"https:\/\/www.sudoestehoje.com.br\/novoportal\/wp-json\/wp\/v2\/posts"}],"about":[{"href":"https:\/\/www.sudoestehoje.com.br\/novoportal\/wp-json\/wp\/v2\/types\/post"}],"author":[{"embeddable":true,"href":"https:\/\/www.sudoestehoje.com.br\/novoportal\/wp-json\/wp\/v2\/users\/2"}],"replies":[{"embeddable":true,"href":"https:\/\/www.sudoestehoje.com.br\/novoportal\/wp-json\/wp\/v2\/comments?post=31059"}],"version-history":[{"count":1,"href":"https:\/\/www.sudoestehoje.com.br\/novoportal\/wp-json\/wp\/v2\/posts\/31059\/revisions"}],"predecessor-version":[{"id":31061,"href":"https:\/\/www.sudoestehoje.com.br\/novoportal\/wp-json\/wp\/v2\/posts\/31059\/revisions\/31061"}],"wp:attachment":[{"href":"https:\/\/www.sudoestehoje.com.br\/novoportal\/wp-json\/wp\/v2\/media?parent=31059"}],"wp:term":[{"taxonomy":"category","embeddable":true,"href":"https:\/\/www.sudoestehoje.com.br\/novoportal\/wp-json\/wp\/v2\/categories?post=31059"},{"taxonomy":"post_tag","embeddable":true,"href":"https:\/\/www.sudoestehoje.com.br\/novoportal\/wp-json\/wp\/v2\/tags?post=31059"}],"curies":[{"name":"wp","href":"https:\/\/api.w.org\/{rel}","templated":true}]}}