
{"id":31050,"date":"2013-10-08T17:50:17","date_gmt":"2013-10-08T20:50:17","guid":{"rendered":"http:\/\/www.sudoestehoje.com.br\/novoportal\/?p=31050"},"modified":"2013-10-08T17:50:17","modified_gmt":"2013-10-08T20:50:17","slug":"comercio-de-maiquinique-fecha-as-portas-contra-feirao-do-bras","status":"publish","type":"post","link":"https:\/\/www.sudoestehoje.com.br\/novoportal\/2013\/10\/08\/comercio-de-maiquinique-fecha-as-portas-contra-feirao-do-bras\/","title":{"rendered":"COM\u00c9RCIO DE MAIQUINIQUE FECHA AS PORTAS CONTRA &#8220;FEIR\u00c3O DO BR\u00c1S&#8221;"},"content":{"rendered":"<p><a href=\"http:\/\/www.sudoestehoje.com.br\/novoportal\/wp-content\/uploads\/2013\/10\/maiq1.jpg\"><img loading=\"lazy\" decoding=\"async\" class=\"aligncenter size-full wp-image-31051\" alt=\"maiq1\" src=\"http:\/\/www.sudoestehoje.com.br\/novoportal\/wp-content\/uploads\/2013\/10\/maiq1.jpg\" width=\"454\" height=\"342\" \/><\/a><\/p>\n<p>Comerciantes e funcion\u00e1rios do com\u00e9rcio fizeram realizaram paralisa\u00e7\u00e3o na tarde de hoje em Maiquinique.\u00a0Cerca de 95% das lojas e com\u00e9rcio da cidade n\u00e3o abriram as portas na tarde desta ter\u00e7a, em protesto contra a instala\u00e7\u00e3o de feiras itinerantes na cidade, e v\u00e1rias faixas e panos pretos, representando luto ao com\u00e9rcio, foram afixadas nas fachadas e portas das lojas.<\/p>\n<p>Setores como o de cal\u00e7ados, confec\u00e7\u00f5es, eletrodom\u00e9sticos, celulares, insumos, artigos diversos, e v\u00e1rios outros tipos de lojistas, aderiram ao movimento em prol do com\u00e9rcio local.<\/p>\n<p><a href=\"http:\/\/www.sudoestehoje.com.br\/novoportal\/wp-content\/uploads\/2013\/10\/maiq.jpg\"><img loading=\"lazy\" decoding=\"async\" class=\"aligncenter size-full wp-image-31052\" alt=\"maiq\" src=\"http:\/\/www.sudoestehoje.com.br\/novoportal\/wp-content\/uploads\/2013\/10\/maiq.jpg\" width=\"454\" height=\"342\" \/><\/a><\/p>\n<p>Segundo eles, a prefeitura vem facilitando a vinda de feirantes para o munic\u00edpio, muitas vezes em total desrespeito ao c\u00f3digo de postura e a lei org\u00e2nica municipal, utilizando de manobras pol\u00edticas e jur\u00eddicas para revogar decretos municipais e favorecer o com\u00e9rcio itinerante causando assim uma concorr\u00eancia desleal e preju\u00edzo econ\u00f4mico n\u00e3o s\u00f3 ao com\u00e9rcio local, mas a cidade como um todo.<!--more--><\/p>\n<p>Preocupados com essa situa\u00e7\u00e3o, um grupo de cerca de 40 comerciantes portando cartazes se reuniram na pra\u00e7a da Feira (Manoel Novais) e realizou uma pequena manifesta\u00e7\u00e3o de rep\u00fadio aos atos e a\u00e7\u00f5es da prefeitura, que em muito vem prejudicando o com\u00e9rcio e a economia local.<\/p>\n<p>Os principais pedidos e reivindica\u00e7\u00f5es dos manifestantes eram voltados ao decreto atual que regulamenta a instala\u00e7\u00e3o de feiras na cidade e a falta de fiscaliza\u00e7\u00e3o.<\/p>\n<p>Em alguns dos cartazes havia os dizeres: \u201cTrazer hip\u00f3teses \u00e9 f\u00e1cil, quero ver algo sustent\u00e1vel. Exemplo, apoiar e manter o com\u00e9rcio em Maiquinique\u201d; \u201cA popula\u00e7\u00e3o de Maiquinique n\u00e3o precisa de esmola, mas de algo sustent\u00e1vel\u201d; \u201cN\u00f3s pagamos impostos\u201d; \u201cQueremos que o nosso dinheiro fique na nossa cidade\u201d, al\u00e9m de um cartaz com uma escrita objetiva, \u201cParab\u00e9ns Gestora! O cuidar de Voc\u00ea \u00e9 um compromisso est\u00e1 se cumprindo!\u201d.<\/p>\n<p>Uma comiss\u00e3o representando os comerciantes far\u00e1 uso da tribuna livre na C\u00e2mara de Vereadores na sess\u00e3o ordin\u00e1ria desta ter\u00e7a, e cobrar\u00e1 apoio dos vereadores para a cria\u00e7\u00e3o e aprova\u00e7\u00e3o de leis que venham disciplinar e dificultar esse tipo de pr\u00e1tica comercial, t\u00e3o nociva ao com\u00e9rcio local.<\/p>\n<p><em>Gazeta Maiquiniquense<\/em><\/p>\n","protected":false},"excerpt":{"rendered":"<p>Comerciantes e funcion\u00e1rios do com\u00e9rcio fizeram realizaram paralisa\u00e7\u00e3o na tarde de hoje em Maiquinique.\u00a0Cerca de 95% das lojas e com\u00e9rcio da cidade n\u00e3o abriram as portas na tarde desta ter\u00e7a, em protesto contra a instala\u00e7\u00e3o de feiras itinerantes na cidade, e v\u00e1rias faixas e panos pretos, representando luto ao com\u00e9rcio, foram afixadas nas fachadas e [&hellip;]<\/p>\n","protected":false},"author":2,"featured_media":0,"comment_status":"open","ping_status":"open","sticky":false,"template":"","format":"standard","meta":{"footnotes":"","_links_to":"","_links_to_target":""},"categories":[1],"tags":[],"class_list":["post-31050","post","type-post","status-publish","format-standard","hentry","category-geral"],"views":1874,"_links":{"self":[{"href":"https:\/\/www.sudoestehoje.com.br\/novoportal\/wp-json\/wp\/v2\/posts\/31050","targetHints":{"allow":["GET"]}}],"collection":[{"href":"https:\/\/www.sudoestehoje.com.br\/novoportal\/wp-json\/wp\/v2\/posts"}],"about":[{"href":"https:\/\/www.sudoestehoje.com.br\/novoportal\/wp-json\/wp\/v2\/types\/post"}],"author":[{"embeddable":true,"href":"https:\/\/www.sudoestehoje.com.br\/novoportal\/wp-json\/wp\/v2\/users\/2"}],"replies":[{"embeddable":true,"href":"https:\/\/www.sudoestehoje.com.br\/novoportal\/wp-json\/wp\/v2\/comments?post=31050"}],"version-history":[{"count":2,"href":"https:\/\/www.sudoestehoje.com.br\/novoportal\/wp-json\/wp\/v2\/posts\/31050\/revisions"}],"predecessor-version":[{"id":31054,"href":"https:\/\/www.sudoestehoje.com.br\/novoportal\/wp-json\/wp\/v2\/posts\/31050\/revisions\/31054"}],"wp:attachment":[{"href":"https:\/\/www.sudoestehoje.com.br\/novoportal\/wp-json\/wp\/v2\/media?parent=31050"}],"wp:term":[{"taxonomy":"category","embeddable":true,"href":"https:\/\/www.sudoestehoje.com.br\/novoportal\/wp-json\/wp\/v2\/categories?post=31050"},{"taxonomy":"post_tag","embeddable":true,"href":"https:\/\/www.sudoestehoje.com.br\/novoportal\/wp-json\/wp\/v2\/tags?post=31050"}],"curies":[{"name":"wp","href":"https:\/\/api.w.org\/{rel}","templated":true}]}}