
{"id":31040,"date":"2013-10-07T18:33:20","date_gmt":"2013-10-07T21:33:20","guid":{"rendered":"http:\/\/www.sudoestehoje.com.br\/novoportal\/?p=31040"},"modified":"2013-10-07T18:33:20","modified_gmt":"2013-10-07T21:33:20","slug":"dez-secretarios-do-governo-wagner-devem-disputar-eleicoes-em-2014","status":"publish","type":"post","link":"https:\/\/www.sudoestehoje.com.br\/novoportal\/2013\/10\/07\/dez-secretarios-do-governo-wagner-devem-disputar-eleicoes-em-2014\/","title":{"rendered":"DEZ SECRET\u00c1RIOS DO GOVERNO WAGNER DEVEM DISPUTAR ELEI\u00c7\u00d5ES EM 2014"},"content":{"rendered":"<p><a href=\"http:\/\/www.sudoestehoje.com.br\/novoportal\/wp-content\/uploads\/2013\/10\/wagner-e-secretarios-500x330.jpg\"><img loading=\"lazy\" decoding=\"async\" class=\"aligncenter size-full wp-image-31042\" alt=\"wagner-e-secretarios-500x330\" src=\"http:\/\/www.sudoestehoje.com.br\/novoportal\/wp-content\/uploads\/2013\/10\/wagner-e-secretarios-500x330.jpg\" width=\"500\" height=\"330\" \/><\/a><\/p>\n<p>Pelo menos dez dos 26 secret\u00e1rios estaduais devem deixar os seus respectivos cargos at\u00e9 dezembro deste ano para disputar as elei\u00e7\u00f5es de 2014. O prazo de desincompatibiliza\u00e7\u00e3o vence em 5 de abril do pr\u00f3ximo ano, mas o governador Jaques Wagner alertou a quem deseja participar do pleito eleitoral a necessidade de sair at\u00e9 dezembro.<\/p>\n<p>De acordo com mat\u00e9ria do jornal <a href=\"http:\/\/atarde.uol.com.br\/politica\/materias\/1538967-dez-secretarios-devem-deixar-governo-de-wagner-ate-dezembro\" target=\"_blank\">A Tarde<\/a>, a fila de secret\u00e1rios-candidatos tem Eduardo Salles (PP), da Agricultura; Wilson Brito (PP), da Integra\u00e7\u00e3o e Desenvolvimento Regional;\u00a0 e Paulo C\u00e2mera (PDT), da Ci\u00eancia e Tecnologia. Dois nomes certos na disputa por vaga na C\u00e2mara dos Deputados s\u00e3o Jorge Solla (Sa\u00fade) e Robinson Almeida (Comunica\u00e7\u00e3o Social).<\/p>\n<p>A lista \u00e9 completada por Moema Gramacho (PT), do Desenvolvimento Social e Combate \u00e0 Pobreza; Domingos Leonelli (PSB), secret\u00e1rio do Turismo. Outros nomes s\u00e3o tidos como potenciais candidatos: C\u00edcero Monteiro, do Desenvolvimento Urbano; Almiro Sena (PRB), da Justi\u00e7a; Ney Campello (PCdoB), da Secopa; e Elias Sampaio (PT), da Promo\u00e7\u00e3o da Igualdade.<\/p>\n","protected":false},"excerpt":{"rendered":"<p>Pelo menos dez dos 26 secret\u00e1rios estaduais devem deixar os seus respectivos cargos at\u00e9 dezembro deste ano para disputar as elei\u00e7\u00f5es de 2014. O prazo de desincompatibiliza\u00e7\u00e3o vence em 5 de abril do pr\u00f3ximo ano, mas o governador Jaques Wagner alertou a quem deseja participar do pleito eleitoral a necessidade de sair at\u00e9 dezembro. De [&hellip;]<\/p>\n","protected":false},"author":2,"featured_media":0,"comment_status":"open","ping_status":"open","sticky":false,"template":"","format":"standard","meta":{"footnotes":"","_links_to":"","_links_to_target":""},"categories":[1],"tags":[],"class_list":["post-31040","post","type-post","status-publish","format-standard","hentry","category-geral"],"views":1023,"_links":{"self":[{"href":"https:\/\/www.sudoestehoje.com.br\/novoportal\/wp-json\/wp\/v2\/posts\/31040","targetHints":{"allow":["GET"]}}],"collection":[{"href":"https:\/\/www.sudoestehoje.com.br\/novoportal\/wp-json\/wp\/v2\/posts"}],"about":[{"href":"https:\/\/www.sudoestehoje.com.br\/novoportal\/wp-json\/wp\/v2\/types\/post"}],"author":[{"embeddable":true,"href":"https:\/\/www.sudoestehoje.com.br\/novoportal\/wp-json\/wp\/v2\/users\/2"}],"replies":[{"embeddable":true,"href":"https:\/\/www.sudoestehoje.com.br\/novoportal\/wp-json\/wp\/v2\/comments?post=31040"}],"version-history":[{"count":2,"href":"https:\/\/www.sudoestehoje.com.br\/novoportal\/wp-json\/wp\/v2\/posts\/31040\/revisions"}],"predecessor-version":[{"id":31043,"href":"https:\/\/www.sudoestehoje.com.br\/novoportal\/wp-json\/wp\/v2\/posts\/31040\/revisions\/31043"}],"wp:attachment":[{"href":"https:\/\/www.sudoestehoje.com.br\/novoportal\/wp-json\/wp\/v2\/media?parent=31040"}],"wp:term":[{"taxonomy":"category","embeddable":true,"href":"https:\/\/www.sudoestehoje.com.br\/novoportal\/wp-json\/wp\/v2\/categories?post=31040"},{"taxonomy":"post_tag","embeddable":true,"href":"https:\/\/www.sudoestehoje.com.br\/novoportal\/wp-json\/wp\/v2\/tags?post=31040"}],"curies":[{"name":"wp","href":"https:\/\/api.w.org\/{rel}","templated":true}]}}