
{"id":31026,"date":"2013-10-07T12:18:42","date_gmt":"2013-10-07T15:18:42","guid":{"rendered":"http:\/\/www.sudoestehoje.com.br\/novoportal\/?p=31026"},"modified":"2013-10-07T12:18:42","modified_gmt":"2013-10-07T15:18:42","slug":"dilma-cancela-visita-a-conquista-e-irrita-mutuarios-do-minha-casa","status":"publish","type":"post","link":"https:\/\/www.sudoestehoje.com.br\/novoportal\/2013\/10\/07\/dilma-cancela-visita-a-conquista-e-irrita-mutuarios-do-minha-casa\/","title":{"rendered":"DILMA CANCELA VISITA A CONQUISTA E IRRITA MUTU\u00c1RIOS DO MINHA CASA"},"content":{"rendered":"<div id=\"attachment_31028\" style=\"width: 458px\" class=\"wp-caption aligncenter\"><a href=\"http:\/\/www.sudoestehoje.com.br\/novoportal\/wp-content\/uploads\/2013\/10\/Casas-B.jpg\"><img loading=\"lazy\" decoding=\"async\" aria-describedby=\"caption-attachment-31028\" class=\"size-full wp-image-31028\" alt=\"MMMMMM\" src=\"http:\/\/www.sudoestehoje.com.br\/novoportal\/wp-content\/uploads\/2013\/10\/Casas-B.jpg\" width=\"448\" height=\"299\" \/><\/a><p id=\"caption-attachment-31028\" class=\"wp-caption-text\">Mutu\u00e1rios do Minha Casa n\u00e3o querem mais esperar visita de Dilma Rousseff<\/p><\/div>\n<p>A presidente Dilma Rousseff cancelou a viagem que faria a cidade de Vit\u00f3ria da Conquista para entrega de casas do Programa Minha Casa Minha Vida, nesta 4\u00aa feira (9). Os futuros moradores que foram contemplados j\u00e1 est\u00e3o no local, perto do Miro Cairo, \u00a0reclamando a entrega das casas. O\u00a0clima \u00e9 de tens\u00e3o nos conjuntos habitacionais Pau Brasil, Ac\u00e1cias, Jequitib\u00e1 e Ip\u00ea. \u201cN\u00e3o dependemos de Dilma para mudar. Depois ele vem e pede os votos dela\u201d, disse uma futura moradora que n\u00e3o quis ser identificada.<\/p>\n<p>A not\u00edcia da decis\u00e3o de Marina Silva em ter se filiado ao PSB de Eduardo Campos, Governador de Pernambuco, pode ter sido o motivo do cancelamento da visita presidencial. \u00a0O humor no PT mudou ap\u00f3s o anuncio que Marina ser\u00e1 a vice na chapa de Campos. <em>Resenha Geral<\/em><\/p>\n","protected":false},"excerpt":{"rendered":"<p>A presidente Dilma Rousseff cancelou a viagem que faria a cidade de Vit\u00f3ria da Conquista para entrega de casas do Programa Minha Casa Minha Vida, nesta 4\u00aa feira (9). Os futuros moradores que foram contemplados j\u00e1 est\u00e3o no local, perto do Miro Cairo, \u00a0reclamando a entrega das casas. O\u00a0clima \u00e9 de tens\u00e3o nos conjuntos habitacionais [&hellip;]<\/p>\n","protected":false},"author":2,"featured_media":0,"comment_status":"open","ping_status":"open","sticky":false,"template":"","format":"standard","meta":{"footnotes":"","_links_to":"","_links_to_target":""},"categories":[1],"tags":[],"class_list":["post-31026","post","type-post","status-publish","format-standard","hentry","category-geral"],"views":1328,"_links":{"self":[{"href":"https:\/\/www.sudoestehoje.com.br\/novoportal\/wp-json\/wp\/v2\/posts\/31026","targetHints":{"allow":["GET"]}}],"collection":[{"href":"https:\/\/www.sudoestehoje.com.br\/novoportal\/wp-json\/wp\/v2\/posts"}],"about":[{"href":"https:\/\/www.sudoestehoje.com.br\/novoportal\/wp-json\/wp\/v2\/types\/post"}],"author":[{"embeddable":true,"href":"https:\/\/www.sudoestehoje.com.br\/novoportal\/wp-json\/wp\/v2\/users\/2"}],"replies":[{"embeddable":true,"href":"https:\/\/www.sudoestehoje.com.br\/novoportal\/wp-json\/wp\/v2\/comments?post=31026"}],"version-history":[{"count":3,"href":"https:\/\/www.sudoestehoje.com.br\/novoportal\/wp-json\/wp\/v2\/posts\/31026\/revisions"}],"predecessor-version":[{"id":31030,"href":"https:\/\/www.sudoestehoje.com.br\/novoportal\/wp-json\/wp\/v2\/posts\/31026\/revisions\/31030"}],"wp:attachment":[{"href":"https:\/\/www.sudoestehoje.com.br\/novoportal\/wp-json\/wp\/v2\/media?parent=31026"}],"wp:term":[{"taxonomy":"category","embeddable":true,"href":"https:\/\/www.sudoestehoje.com.br\/novoportal\/wp-json\/wp\/v2\/categories?post=31026"},{"taxonomy":"post_tag","embeddable":true,"href":"https:\/\/www.sudoestehoje.com.br\/novoportal\/wp-json\/wp\/v2\/tags?post=31026"}],"curies":[{"name":"wp","href":"https:\/\/api.w.org\/{rel}","templated":true}]}}