
{"id":31007,"date":"2013-10-06T22:58:08","date_gmt":"2013-10-07T01:58:08","guid":{"rendered":"http:\/\/www.sudoestehoje.com.br\/novoportal\/?p=31007"},"modified":"2013-10-06T22:58:58","modified_gmt":"2013-10-07T01:58:58","slug":"geraldo-simoes-e-adroaldo-querem-separar-rio-do-meio-de-itororo","status":"publish","type":"post","link":"https:\/\/www.sudoestehoje.com.br\/novoportal\/2013\/10\/06\/geraldo-simoes-e-adroaldo-querem-separar-rio-do-meio-de-itororo\/","title":{"rendered":"GERALDO SIM\u00d5ES E ADROALDO QUEREM SEPARAR RIO DO MEIO DE ITOROR\u00d3"},"content":{"rendered":"<p><a href=\"http:\/\/www.sudoestehoje.com.br\/novoportal\/wp-content\/uploads\/2013\/10\/RIO-DO-M.jpg\"><img loading=\"lazy\" decoding=\"async\" class=\"aligncenter size-medium wp-image-31008\" alt=\"RIO DO M\" src=\"http:\/\/www.sudoestehoje.com.br\/novoportal\/wp-content\/uploads\/2013\/10\/RIO-DO-M-500x271.jpg\" width=\"500\" height=\"271\" srcset=\"https:\/\/www.sudoestehoje.com.br\/novoportal\/wp-content\/uploads\/2013\/10\/RIO-DO-M-500x271.jpg 500w, https:\/\/www.sudoestehoje.com.br\/novoportal\/wp-content\/uploads\/2013\/10\/RIO-DO-M-700x379.jpg 700w, https:\/\/www.sudoestehoje.com.br\/novoportal\/wp-content\/uploads\/2013\/10\/RIO-DO-M.jpg 1503w\" sizes=\"auto, (max-width: 500px) 100vw, 500px\" \/><\/a><\/p>\n<p>ITOROR\u00d3: Em uma reuni\u00e3o que n\u00e3o juntou mais que uma d\u00fazia de saudosistas do mal aventurado governo de Adroaldo Almeida (PT), o deputado Geraldo Sim\u00f5es, que vem perdendo apoios em escala geom\u00e9trica, prometeu atender aos &#8216;reclamos do povo de Itoror\u00f3&#8217;, emancipando Rio do Meio, maior distrito do munic\u00edpio.<\/p>\n<p>Trata-se, evidentemente, de uma jogada pol\u00edtica sem a menor possibilidade de \u00eaxito, at\u00e9 porque a proposta aprovada na C\u00e2mara ainda tramita nas comiss\u00f5es do senado. Caso seja aprovada, ter\u00e1 que ser sancionada pela presidente Dilma, que n\u00e3o quer nem ouvir falar do assunto. \u00c9, portanto, uma enrola\u00e7\u00e3o de Adroaldo e seu reduzido grupo, tamb\u00e9m conhecido como &#8220;m\u00f3i de quento&#8221;, para justificar o seu emprego de assessor fantasma de Geraldo Sim\u00f5es e amealhar alguns votos.<\/p>\n<p>Na minguada reuni\u00e3o deste domingo, o ausente deputado declarou:\u00a0&#8220;Como o deputado federal mais votado aqui, tenho por obriga\u00e7\u00e3o de estar ao lado das principais decis\u00f5es de Itoror\u00f3, n\u00e3o poderia deixar de externar meu apoio absoluto aos amigos e companheiros do Rio do Meio, nessa luta mais que justa&#8221;.<\/p>\n<p>Diante da min\u00fascula participa\u00e7\u00e3o de pessoas interessadas no assunto, foi preciso que o fot\u00f3grafo do blog de Adroaldo fizesse uma montagem de fotos, para n\u00e3o passar vergonha (foto-montagem acima).<\/p>\n<p>A julgar pela cara do deputado Geraldo na foto, o projeto maluco de Adroaldo j\u00e1 nasce mortinho da Silva&#8230;<\/p>\n<p><strong><em>Por Davi Ferraz<\/em><\/strong><\/p>\n","protected":false},"excerpt":{"rendered":"<p>ITOROR\u00d3: Em uma reuni\u00e3o que n\u00e3o juntou mais que uma d\u00fazia de saudosistas do mal aventurado governo de Adroaldo Almeida (PT), o deputado Geraldo Sim\u00f5es, que vem perdendo apoios em escala geom\u00e9trica, prometeu atender aos &#8216;reclamos do povo de Itoror\u00f3&#8217;, emancipando Rio do Meio, maior distrito do munic\u00edpio. Trata-se, evidentemente, de uma jogada pol\u00edtica sem [&hellip;]<\/p>\n","protected":false},"author":2,"featured_media":0,"comment_status":"open","ping_status":"open","sticky":false,"template":"","format":"standard","meta":{"footnotes":"","_links_to":"","_links_to_target":""},"categories":[1],"tags":[],"class_list":["post-31007","post","type-post","status-publish","format-standard","hentry","category-geral"],"views":1080,"_links":{"self":[{"href":"https:\/\/www.sudoestehoje.com.br\/novoportal\/wp-json\/wp\/v2\/posts\/31007","targetHints":{"allow":["GET"]}}],"collection":[{"href":"https:\/\/www.sudoestehoje.com.br\/novoportal\/wp-json\/wp\/v2\/posts"}],"about":[{"href":"https:\/\/www.sudoestehoje.com.br\/novoportal\/wp-json\/wp\/v2\/types\/post"}],"author":[{"embeddable":true,"href":"https:\/\/www.sudoestehoje.com.br\/novoportal\/wp-json\/wp\/v2\/users\/2"}],"replies":[{"embeddable":true,"href":"https:\/\/www.sudoestehoje.com.br\/novoportal\/wp-json\/wp\/v2\/comments?post=31007"}],"version-history":[{"count":3,"href":"https:\/\/www.sudoestehoje.com.br\/novoportal\/wp-json\/wp\/v2\/posts\/31007\/revisions"}],"predecessor-version":[{"id":31011,"href":"https:\/\/www.sudoestehoje.com.br\/novoportal\/wp-json\/wp\/v2\/posts\/31007\/revisions\/31011"}],"wp:attachment":[{"href":"https:\/\/www.sudoestehoje.com.br\/novoportal\/wp-json\/wp\/v2\/media?parent=31007"}],"wp:term":[{"taxonomy":"category","embeddable":true,"href":"https:\/\/www.sudoestehoje.com.br\/novoportal\/wp-json\/wp\/v2\/categories?post=31007"},{"taxonomy":"post_tag","embeddable":true,"href":"https:\/\/www.sudoestehoje.com.br\/novoportal\/wp-json\/wp\/v2\/tags?post=31007"}],"curies":[{"name":"wp","href":"https:\/\/api.w.org\/{rel}","templated":true}]}}