
{"id":30995,"date":"2013-10-06T20:19:11","date_gmt":"2013-10-06T23:19:11","guid":{"rendered":"http:\/\/www.sudoestehoje.com.br\/novoportal\/?p=30995"},"modified":"2013-10-06T20:19:11","modified_gmt":"2013-10-06T23:19:11","slug":"itarantim-realiza-curso-de-capacitacao-em-saude-meio-ambiente-e-saneamento","status":"publish","type":"post","link":"https:\/\/www.sudoestehoje.com.br\/novoportal\/2013\/10\/06\/itarantim-realiza-curso-de-capacitacao-em-saude-meio-ambiente-e-saneamento\/","title":{"rendered":"ITARANTIM REALIZA CURSO DE CAPACITA\u00c7\u00c3O EM SA\u00daDE, MEIO AMBIENTE E SANEAMENTO"},"content":{"rendered":"<p style=\"text-align: center;\"><a href=\"http:\/\/www.sudoestehoje.com.br\/novoportal\/wp-content\/uploads\/2013\/10\/itaran.jpg\"><img decoding=\"async\" class=\"aligncenter  wp-image-30996\" alt=\"itaran\" src=\"http:\/\/www.sudoestehoje.com.br\/novoportal\/wp-content\/uploads\/2013\/10\/itaran.jpg\" width=\"500\" \/><\/a><\/p>\n<p>Aconteceu no \u00faltimo dia 02, no audit\u00f3rio da Coopardo, o Curso de Capacita\u00e7\u00e3o em Educa\u00e7\u00e3o Ambiental, Sa\u00fade e Saneamento, numa parceria entre Secretaria Municipal de educa\u00e7\u00e3o e EMBASA. O curso com dura\u00e7\u00e3o de 08 horas teve como p\u00fablico alvo, todos os professores da rede municipal, mais convidados especiais que durante todo o dia desfrutaram de uma palestra din\u00e2mica, adquirindo conhecimentos diversos.<\/p>\n<p>Na abertura do evento, estava presentes a secret\u00e1ria municipal de educa\u00e7\u00e3o, professora Eliene Souza Alves, e o prefeito\u00a0 Dr. Paulo Fernandes, que juntos deram boas vindas \u00e0 convidada. O prefeito agradeceu a Embasa pela parceria, enfatizando o compromisso de sua gest\u00e3o para as quest\u00f5es ambientais, e salientou que diuturnamente trabalha para o bem de cidade.<\/p>\n<p style=\"text-align: center;\"><a href=\"http:\/\/www.sudoestehoje.com.br\/novoportal\/wp-content\/uploads\/2013\/10\/itarant.jpg\"><img decoding=\"async\" class=\"aligncenter  wp-image-30997\" alt=\"itarant\" src=\"http:\/\/www.sudoestehoje.com.br\/novoportal\/wp-content\/uploads\/2013\/10\/itarant.jpg\" width=\"500\" \/><\/a><\/p>\n<p>A palestrante respons\u00e1vel pela forma\u00e7\u00e3o foi a professora Luiza Gouv\u00eaa, doutora em Biologia, com uma larga experi\u00eancia profissional, j\u00e1 tendo atuado em diversos pa\u00edses. Luiza com muita propriedade brindou aos presentes, trazendo reflex\u00f5es importantes sobre as quest\u00f5es ambientais hoje no Brasil e no mundo.<\/p>\n<p>Foi geral a satisfa\u00e7\u00e3o dos presentes, uma vez que o p\u00fablico se fez presente nos dois turnos e no final aplaudiram a palestrante.<\/p>\n<p><em>Itarantim Agora<\/em><\/p>\n","protected":false},"excerpt":{"rendered":"<p>Aconteceu no \u00faltimo dia 02, no audit\u00f3rio da Coopardo, o Curso de Capacita\u00e7\u00e3o em Educa\u00e7\u00e3o Ambiental, Sa\u00fade e Saneamento, numa parceria entre Secretaria Municipal de educa\u00e7\u00e3o e EMBASA. O curso com dura\u00e7\u00e3o de 08 horas teve como p\u00fablico alvo, todos os professores da rede municipal, mais convidados especiais que durante todo o dia desfrutaram de [&hellip;]<\/p>\n","protected":false},"author":2,"featured_media":0,"comment_status":"open","ping_status":"open","sticky":false,"template":"","format":"standard","meta":{"footnotes":"","_links_to":"","_links_to_target":""},"categories":[1],"tags":[],"class_list":["post-30995","post","type-post","status-publish","format-standard","hentry","category-geral"],"views":932,"_links":{"self":[{"href":"https:\/\/www.sudoestehoje.com.br\/novoportal\/wp-json\/wp\/v2\/posts\/30995","targetHints":{"allow":["GET"]}}],"collection":[{"href":"https:\/\/www.sudoestehoje.com.br\/novoportal\/wp-json\/wp\/v2\/posts"}],"about":[{"href":"https:\/\/www.sudoestehoje.com.br\/novoportal\/wp-json\/wp\/v2\/types\/post"}],"author":[{"embeddable":true,"href":"https:\/\/www.sudoestehoje.com.br\/novoportal\/wp-json\/wp\/v2\/users\/2"}],"replies":[{"embeddable":true,"href":"https:\/\/www.sudoestehoje.com.br\/novoportal\/wp-json\/wp\/v2\/comments?post=30995"}],"version-history":[{"count":1,"href":"https:\/\/www.sudoestehoje.com.br\/novoportal\/wp-json\/wp\/v2\/posts\/30995\/revisions"}],"predecessor-version":[{"id":30998,"href":"https:\/\/www.sudoestehoje.com.br\/novoportal\/wp-json\/wp\/v2\/posts\/30995\/revisions\/30998"}],"wp:attachment":[{"href":"https:\/\/www.sudoestehoje.com.br\/novoportal\/wp-json\/wp\/v2\/media?parent=30995"}],"wp:term":[{"taxonomy":"category","embeddable":true,"href":"https:\/\/www.sudoestehoje.com.br\/novoportal\/wp-json\/wp\/v2\/categories?post=30995"},{"taxonomy":"post_tag","embeddable":true,"href":"https:\/\/www.sudoestehoje.com.br\/novoportal\/wp-json\/wp\/v2\/tags?post=30995"}],"curies":[{"name":"wp","href":"https:\/\/api.w.org\/{rel}","templated":true}]}}