
{"id":3098,"date":"2011-01-17T19:45:12","date_gmt":"2011-01-17T22:45:12","guid":{"rendered":"http:\/\/www.sudoestehoje.com.br\/novoportal\/?p=3098"},"modified":"2011-01-18T20:19:28","modified_gmt":"2011-01-18T23:19:28","slug":"programa-na-carona-especial-itapetinga","status":"publish","type":"post","link":"https:\/\/www.sudoestehoje.com.br\/novoportal\/2011\/01\/17\/programa-na-carona-especial-itapetinga\/","title":{"rendered":"Programa Na Carona &#8211; Especial Itapetinga"},"content":{"rendered":"<p>Vasculhando nossos arquivos, encontramos o Programa\u00a0&#8220;Na Carona&#8221;, da TV Bahia,\u00a0com uma edi\u00e7\u00e3o especial sobre Itapetinga que nos deixa com muita saudade de 2 mestres da nossa terra.. Z\u00e9 Barbora e S\u00e3o F\u00e9lix.<\/p>\n<p>Vale a pena conferir.<\/p>\n<p><iframe loading=\"lazy\" title=\"Na Carona - Especial Itapetinga -  Parte 1\" width=\"500\" height=\"375\" src=\"https:\/\/www.youtube.com\/embed\/FIhclD1WEKc?feature=oembed\" frameborder=\"0\" allow=\"accelerometer; autoplay; clipboard-write; encrypted-media; gyroscope; picture-in-picture; web-share\" referrerpolicy=\"strict-origin-when-cross-origin\" allowfullscreen><\/iframe><\/p>\n<p><iframe loading=\"lazy\" title=\"Na Carona - Especial Itapetinga - Parte 2\" width=\"500\" height=\"375\" src=\"https:\/\/www.youtube.com\/embed\/dFri6Dsh4m8?feature=oembed\" frameborder=\"0\" allow=\"accelerometer; autoplay; clipboard-write; encrypted-media; gyroscope; picture-in-picture; web-share\" referrerpolicy=\"strict-origin-when-cross-origin\" allowfullscreen><\/iframe><\/p>\n<p><iframe loading=\"lazy\" title=\"Na Carona - Especial Catolezinho e Itamb\u00e9 -  Parte 3\" width=\"500\" height=\"375\" src=\"https:\/\/www.youtube.com\/embed\/weSAiyfXzaE?feature=oembed\" frameborder=\"0\" allow=\"accelerometer; autoplay; clipboard-write; encrypted-media; gyroscope; picture-in-picture; web-share\" referrerpolicy=\"strict-origin-when-cross-origin\" allowfullscreen><\/iframe><\/p>\n<p><iframe loading=\"lazy\" title=\"Na Carona -  Itamb\u00e9 - Parte 4\" width=\"500\" height=\"375\" src=\"https:\/\/www.youtube.com\/embed\/O5bmX-GNNkA?feature=oembed\" frameborder=\"0\" allow=\"accelerometer; autoplay; clipboard-write; encrypted-media; gyroscope; picture-in-picture; web-share\" referrerpolicy=\"strict-origin-when-cross-origin\" allowfullscreen><\/iframe><\/p>\n<hr \/>\n<p style=\"text-align: center;\"><a href=\"http:\/\/www.blogdomarcio.com.br\" target=\"_self\">www.blogdomarcio.com.br<\/a><\/p>\n<p style=\"text-align: center;\">\u00a0<\/p>\n","protected":false},"excerpt":{"rendered":"<p>Vasculhando nossos arquivos, encontramos o Programa\u00a0&#8220;Na Carona&#8221;, da TV Bahia,\u00a0com uma edi\u00e7\u00e3o especial sobre Itapetinga que nos deixa com muita saudade de 2 mestres da nossa terra.. Z\u00e9 Barbora e S\u00e3o F\u00e9lix. Vale a pena conferir. www.blogdomarcio.com.br \u00a0<\/p>\n","protected":false},"author":1,"featured_media":0,"comment_status":"open","ping_status":"open","sticky":false,"template":"","format":"standard","meta":{"footnotes":"","_links_to":"","_links_to_target":""},"categories":[1],"tags":[],"class_list":["post-3098","post","type-post","status-publish","format-standard","hentry","category-geral"],"views":2171,"_links":{"self":[{"href":"https:\/\/www.sudoestehoje.com.br\/novoportal\/wp-json\/wp\/v2\/posts\/3098","targetHints":{"allow":["GET"]}}],"collection":[{"href":"https:\/\/www.sudoestehoje.com.br\/novoportal\/wp-json\/wp\/v2\/posts"}],"about":[{"href":"https:\/\/www.sudoestehoje.com.br\/novoportal\/wp-json\/wp\/v2\/types\/post"}],"author":[{"embeddable":true,"href":"https:\/\/www.sudoestehoje.com.br\/novoportal\/wp-json\/wp\/v2\/users\/1"}],"replies":[{"embeddable":true,"href":"https:\/\/www.sudoestehoje.com.br\/novoportal\/wp-json\/wp\/v2\/comments?post=3098"}],"version-history":[{"count":10,"href":"https:\/\/www.sudoestehoje.com.br\/novoportal\/wp-json\/wp\/v2\/posts\/3098\/revisions"}],"predecessor-version":[{"id":3106,"href":"https:\/\/www.sudoestehoje.com.br\/novoportal\/wp-json\/wp\/v2\/posts\/3098\/revisions\/3106"}],"wp:attachment":[{"href":"https:\/\/www.sudoestehoje.com.br\/novoportal\/wp-json\/wp\/v2\/media?parent=3098"}],"wp:term":[{"taxonomy":"category","embeddable":true,"href":"https:\/\/www.sudoestehoje.com.br\/novoportal\/wp-json\/wp\/v2\/categories?post=3098"},{"taxonomy":"post_tag","embeddable":true,"href":"https:\/\/www.sudoestehoje.com.br\/novoportal\/wp-json\/wp\/v2\/tags?post=3098"}],"curies":[{"name":"wp","href":"https:\/\/api.w.org\/{rel}","templated":true}]}}