
{"id":30954,"date":"2013-10-04T18:23:59","date_gmt":"2013-10-04T21:23:59","guid":{"rendered":"http:\/\/www.sudoestehoje.com.br\/novoportal\/?p=30954"},"modified":"2013-10-04T18:23:59","modified_gmt":"2013-10-04T21:23:59","slug":"hoje-me-sinto-um-politico-completo-diz-sandro-ao-filiar-se-ao-dem","status":"publish","type":"post","link":"https:\/\/www.sudoestehoje.com.br\/novoportal\/2013\/10\/04\/hoje-me-sinto-um-politico-completo-diz-sandro-ao-filiar-se-ao-dem\/","title":{"rendered":"&#8220;HOJE ME SINTO UM POL\u00cdTICO COMPLETO&#8221;, DIZ SANDRO AO FILIAR-SE AO DEM"},"content":{"rendered":"<p><a href=\"http:\/\/www.sudoestehoje.com.br\/novoportal\/wp-content\/uploads\/2013\/10\/sandro-regis-2.jpg\"><img loading=\"lazy\" decoding=\"async\" class=\"aligncenter size-medium wp-image-30956\" alt=\"sandro-regis (2)\" src=\"http:\/\/www.sudoestehoje.com.br\/novoportal\/wp-content\/uploads\/2013\/10\/sandro-regis-2-500x333.jpg\" width=\"500\" height=\"333\" srcset=\"https:\/\/www.sudoestehoje.com.br\/novoportal\/wp-content\/uploads\/2013\/10\/sandro-regis-2-500x333.jpg 500w, https:\/\/www.sudoestehoje.com.br\/novoportal\/wp-content\/uploads\/2013\/10\/sandro-regis-2.jpg 700w\" sizes=\"auto, (max-width: 500px) 100vw, 500px\" \/><\/a><\/p>\n<p><em>Ascom<\/em><\/p>\n<p id=\"yui_3_7_2_1_1380906925872_2828\">Em clima de comemora\u00e7\u00e3o, aconteceu ontem, quinta-feira 3, o ato de filia\u00e7\u00e3o do deputado Sandro R\u00e9gis ao partido Democratas durante\u00a0o Encontro da Executiva Estadual, realizado no audit\u00f3rio Jutahy Magalh\u00e3es da Assembleia Legislativa da Bahia. O evento reuniu lideran\u00e7as nacionais e regionais do partido, que deram as boas-vindas ao novo membro.<\/p>\n<p id=\"yui_3_7_2_1_1380906925872_2825\">Sandro R\u00e9gis declarou que, agora, se sente um pol\u00edtico completo, por ingressar no partido com o qual ele sempre manteve estreitas liga\u00e7\u00f5es. \u201cNo Democratas est\u00e3o os meus amigos, est\u00e3o as bandeiras que sempre nortearam a minha vida p\u00fablica, onde eu constituo hoje a minha rela\u00e7\u00e3o pessoal na Assembleia e no mundo pol\u00edtico\u201d, disse o parlamentar.<\/p>\n<p id=\"yui_3_7_2_1_1380906925872_2823\">Para R\u00e9gis, o evento \u00e9 uma prova do fortalecimento do partido e do entendimento da popula\u00e7\u00e3o de que a Bahia precisa mudar, e que o Democratas \u00e9 o caminho para esta mudan\u00e7a.<!--more--><\/p>\n<p id=\"yui_3_7_2_1_1380906925872_2821\"><b>Novo membro, antigo parceiro<\/b><\/p>\n<p id=\"yui_3_7_2_1_1380906925872_2834\">Lideran\u00e7as que marcaram presen\u00e7a, como o presidente nacional do Democratas, senador Jos\u00e9 Agripino Maia, o prefeito de Salvador, ACM Neto, o ex-governador Paulo Souto, e o prefeito de Feira de Santana, Z\u00e9 Ronaldo, destacaram que, apesar de novo membro do partido, Sandro R\u00e9gis \u00e9 um parceiro pol\u00edtico de muito tempo.<\/p>\n<p id=\"yui_3_7_2_1_1380906925872_2836\">\u201cO deputado Sandro R\u00e9gis \u00e9 um companheiro de ideias, de conviv\u00eancia pol\u00edtica de muito tempo, apenas estava em outra agremia\u00e7\u00e3o, mas que tinha alinhamento com o nosso pensamento\u201d, disse o senador Agripino Maia, que declarou ter \u201cgrande apre\u00e7o e grande respeito pol\u00edtico\u201d pelo deputado baiano.<\/p>\n<p id=\"yui_3_7_2_1_1380906925872_2838\">O prefeito de Salvador, ACM Neto, tamb\u00e9m comemorou o momento de crescimento do Democratas na Bahia com a chegada de novos membros e disse que \u201creceber o deputado Sandro R\u00e9gis \u00e9 trazer um quadro de qualidade extraordin\u00e1ria para o partido, que vai ajudar a refor\u00e7ar ainda mais a pol\u00edtica do Democratas na Assembleia Legislativa\u201d.<\/p>\n<p id=\"yui_3_7_2_1_1380906925872_2840\">Tamb\u00e9m presente, o ex-governador Paulo Souto afirmou que R\u00e9gis tem o perfil do Democratas pela sua coer\u00eancia pol\u00edtica e identidade ideol\u00f3gica, e pela forma como ele se dedica aos munic\u00edpios que representa. \u201cEle sempre foi um aliado nosso, mesmo n\u00e3o estando em nosso partido, mas agora o Democratas est\u00e1 recebendo ele com a maior alegria e eu tenho certeza que as bases eleitorais de Sandro R\u00e9gis v\u00e3o ficar extremamente satisfeitas com essa filia\u00e7\u00e3o\u201d, declarou Souto.<\/p>\n<p id=\"yui_3_7_2_1_1380906925872_2842\">Outra grande lideran\u00e7a regional, Jos\u00e9 Ronaldo, prefeito de Feira de Santana, tamb\u00e9m comemorou a filia\u00e7\u00e3o do amigo, que ele considera \u201cum homem de palavra que sabe lutar pelos amigos e defender a boa causa\u201d. \u201cSem d\u00favida \u00e9 uma honra pertencer ao mesmo partido do deputado Sandro R\u00e9gis\u201d, concluiu.<\/p>\n","protected":false},"excerpt":{"rendered":"<p>Ascom Em clima de comemora\u00e7\u00e3o, aconteceu ontem, quinta-feira 3, o ato de filia\u00e7\u00e3o do deputado Sandro R\u00e9gis ao partido Democratas durante\u00a0o Encontro da Executiva Estadual, realizado no audit\u00f3rio Jutahy Magalh\u00e3es da Assembleia Legislativa da Bahia. O evento reuniu lideran\u00e7as nacionais e regionais do partido, que deram as boas-vindas ao novo membro. Sandro R\u00e9gis declarou que, [&hellip;]<\/p>\n","protected":false},"author":2,"featured_media":0,"comment_status":"open","ping_status":"open","sticky":false,"template":"","format":"standard","meta":{"footnotes":"","_links_to":"","_links_to_target":""},"categories":[1],"tags":[],"class_list":["post-30954","post","type-post","status-publish","format-standard","hentry","category-geral"],"views":1359,"_links":{"self":[{"href":"https:\/\/www.sudoestehoje.com.br\/novoportal\/wp-json\/wp\/v2\/posts\/30954","targetHints":{"allow":["GET"]}}],"collection":[{"href":"https:\/\/www.sudoestehoje.com.br\/novoportal\/wp-json\/wp\/v2\/posts"}],"about":[{"href":"https:\/\/www.sudoestehoje.com.br\/novoportal\/wp-json\/wp\/v2\/types\/post"}],"author":[{"embeddable":true,"href":"https:\/\/www.sudoestehoje.com.br\/novoportal\/wp-json\/wp\/v2\/users\/2"}],"replies":[{"embeddable":true,"href":"https:\/\/www.sudoestehoje.com.br\/novoportal\/wp-json\/wp\/v2\/comments?post=30954"}],"version-history":[{"count":1,"href":"https:\/\/www.sudoestehoje.com.br\/novoportal\/wp-json\/wp\/v2\/posts\/30954\/revisions"}],"predecessor-version":[{"id":30957,"href":"https:\/\/www.sudoestehoje.com.br\/novoportal\/wp-json\/wp\/v2\/posts\/30954\/revisions\/30957"}],"wp:attachment":[{"href":"https:\/\/www.sudoestehoje.com.br\/novoportal\/wp-json\/wp\/v2\/media?parent=30954"}],"wp:term":[{"taxonomy":"category","embeddable":true,"href":"https:\/\/www.sudoestehoje.com.br\/novoportal\/wp-json\/wp\/v2\/categories?post=30954"},{"taxonomy":"post_tag","embeddable":true,"href":"https:\/\/www.sudoestehoje.com.br\/novoportal\/wp-json\/wp\/v2\/tags?post=30954"}],"curies":[{"name":"wp","href":"https:\/\/api.w.org\/{rel}","templated":true}]}}