
{"id":30893,"date":"2013-10-02T09:21:58","date_gmt":"2013-10-02T12:21:58","guid":{"rendered":"http:\/\/www.sudoestehoje.com.br\/novoportal\/?p=30893"},"modified":"2013-10-02T09:21:58","modified_gmt":"2013-10-02T12:21:58","slug":"moratoria-para-as-santas-casas-e-aprovada-no-senado","status":"publish","type":"post","link":"https:\/\/www.sudoestehoje.com.br\/novoportal\/2013\/10\/02\/moratoria-para-as-santas-casas-e-aprovada-no-senado\/","title":{"rendered":"MORAT\u00d3RIA PARA AS SANTAS CASAS \u00c9 APROVADA NO SENADO"},"content":{"rendered":"<div>\n<div id=\"attachment_30895\" style=\"width: 510px\" class=\"wp-caption aligncenter\"><a href=\"http:\/\/www.sudoestehoje.com.br\/novoportal\/wp-content\/uploads\/2013\/10\/MORAT\u00d3RIA.jpg\"><img decoding=\"async\" aria-describedby=\"caption-attachment-30895\" class=\" wp-image-30895 \" alt=\"Deputado federal Ant\u00f4nio Brito ao lado do Ministro da Sa\u00fade\" src=\"http:\/\/www.sudoestehoje.com.br\/novoportal\/wp-content\/uploads\/2013\/10\/MORAT\u00d3RIA.jpg\" width=\"500\" \/><\/a><p id=\"caption-attachment-30895\" class=\"wp-caption-text\">Deputado federal Ant\u00f4nio Brito ao lado do Ministro da Sa\u00fade Alexandre Padilha<\/p><\/div>\n<\/div>\n<div><\/div>\n<div>O Senado aprovou nesta ter\u00e7a-feira (1\u00ba) uma morat\u00f3ria de 15 anos nas d\u00edvidas tribut\u00e1rias e previdenci\u00e1rias das Santas Casas, hospitais e entidades filantr\u00f3picas que obede\u00e7am \u00e0s exig\u00eancias previstas em lei. Articulador do projeto e presidente da Frente Parlamentar das Santas Casas, Hospitais e Entidades Filantr\u00f3picas, o deputado federal Ant\u00f4nio Brito (PTB) afirmou que a medida dar\u00e1 mais f\u00f4lego ao setor. \u201cA nossa luta \u00e9 cont\u00ednua, defendendo mais sa\u00fade principalmente para a popula\u00e7\u00e3o que utiliza o SUS, e essa conquista agora vem se juntar a outras recentes que fortalecem o segmento, como a altera\u00e7\u00e3o da Lei 12.101, que j\u00e1 foi para san\u00e7\u00e3o presidencial, e a publica\u00e7\u00e3o pelo Minist\u00e9rio da Sa\u00fade do IAC, com a reabertura do Programa de Contratualiza\u00e7\u00e3o para entidades que estavam fora\u201d, disse o parlamentar.<!--more--><\/div>\n<div><\/div>\n<div>A situa\u00e7\u00e3o econ\u00f4mico-financeira da institui\u00e7\u00e3o precisa ser grave para haver direito de ades\u00e3o \u00e0 morat\u00f3ria. S\u00e3o dois os crit\u00e9rios para tal an\u00e1lise, em uma rela\u00e7\u00e3o entre d\u00edvida e faturamento. Ao considerar apenas as d\u00edvidas tribut\u00e1rias e previdenci\u00e1rias, o \u00edndice deve ser no m\u00ednimo de 15%, enquanto que somadas as d\u00edvidas tribut\u00e1rias e previdenci\u00e1rias \u00e0s banc\u00e1rias, o percentual \u00e9 de 30%. O projeto segue para a san\u00e7\u00e3o da presidente Dilma Rousseff, que ter\u00e1 at\u00e9 15 dias \u00fateis para se manifestar.<\/div>\n<p>&nbsp;<\/p>\n","protected":false},"excerpt":{"rendered":"<p>O Senado aprovou nesta ter\u00e7a-feira (1\u00ba) uma morat\u00f3ria de 15 anos nas d\u00edvidas tribut\u00e1rias e previdenci\u00e1rias das Santas Casas, hospitais e entidades filantr\u00f3picas que obede\u00e7am \u00e0s exig\u00eancias previstas em lei. Articulador do projeto e presidente da Frente Parlamentar das Santas Casas, Hospitais e Entidades Filantr\u00f3picas, o deputado federal Ant\u00f4nio Brito (PTB) afirmou que a medida [&hellip;]<\/p>\n","protected":false},"author":2,"featured_media":0,"comment_status":"open","ping_status":"open","sticky":false,"template":"","format":"standard","meta":{"footnotes":"","_links_to":"","_links_to_target":""},"categories":[1],"tags":[],"class_list":["post-30893","post","type-post","status-publish","format-standard","hentry","category-geral"],"views":1304,"_links":{"self":[{"href":"https:\/\/www.sudoestehoje.com.br\/novoportal\/wp-json\/wp\/v2\/posts\/30893","targetHints":{"allow":["GET"]}}],"collection":[{"href":"https:\/\/www.sudoestehoje.com.br\/novoportal\/wp-json\/wp\/v2\/posts"}],"about":[{"href":"https:\/\/www.sudoestehoje.com.br\/novoportal\/wp-json\/wp\/v2\/types\/post"}],"author":[{"embeddable":true,"href":"https:\/\/www.sudoestehoje.com.br\/novoportal\/wp-json\/wp\/v2\/users\/2"}],"replies":[{"embeddable":true,"href":"https:\/\/www.sudoestehoje.com.br\/novoportal\/wp-json\/wp\/v2\/comments?post=30893"}],"version-history":[{"count":2,"href":"https:\/\/www.sudoestehoje.com.br\/novoportal\/wp-json\/wp\/v2\/posts\/30893\/revisions"}],"predecessor-version":[{"id":30896,"href":"https:\/\/www.sudoestehoje.com.br\/novoportal\/wp-json\/wp\/v2\/posts\/30893\/revisions\/30896"}],"wp:attachment":[{"href":"https:\/\/www.sudoestehoje.com.br\/novoportal\/wp-json\/wp\/v2\/media?parent=30893"}],"wp:term":[{"taxonomy":"category","embeddable":true,"href":"https:\/\/www.sudoestehoje.com.br\/novoportal\/wp-json\/wp\/v2\/categories?post=30893"},{"taxonomy":"post_tag","embeddable":true,"href":"https:\/\/www.sudoestehoje.com.br\/novoportal\/wp-json\/wp\/v2\/tags?post=30893"}],"curies":[{"name":"wp","href":"https:\/\/api.w.org\/{rel}","templated":true}]}}