
{"id":30884,"date":"2013-10-02T00:39:01","date_gmt":"2013-10-02T03:39:01","guid":{"rendered":"http:\/\/www.sudoestehoje.com.br\/novoportal\/?p=30884"},"modified":"2013-10-02T00:39:01","modified_gmt":"2013-10-02T03:39:01","slug":"geddel-diz-que-ja-entregou-cargo","status":"publish","type":"post","link":"https:\/\/www.sudoestehoje.com.br\/novoportal\/2013\/10\/02\/geddel-diz-que-ja-entregou-cargo\/","title":{"rendered":"GEDDEL DIZ QUE J\u00c1 ENTREGOU CARGO"},"content":{"rendered":"<p><a href=\"http:\/\/www.sudoestehoje.com.br\/novoportal\/wp-content\/uploads\/2013\/10\/GEDD.jpg\"><img loading=\"lazy\" decoding=\"async\" class=\"aligncenter size-medium wp-image-30885\" alt=\"GEDD\" src=\"http:\/\/www.sudoestehoje.com.br\/novoportal\/wp-content\/uploads\/2013\/10\/GEDD-500x313.jpg\" width=\"500\" height=\"313\" srcset=\"https:\/\/www.sudoestehoje.com.br\/novoportal\/wp-content\/uploads\/2013\/10\/GEDD-500x313.jpg 500w, https:\/\/www.sudoestehoje.com.br\/novoportal\/wp-content\/uploads\/2013\/10\/GEDD.jpg 559w\" sizes=\"auto, (max-width: 500px) 100vw, 500px\" \/><\/a><\/p>\n<p>Segundo mat\u00e9ria publicada na edi\u00e7\u00e3o do jornal A Tarde desta ter\u00e7a-feira, 1\u00ba, o peemedebista\u00a0<strong>Geddel Vieira Lima<\/strong>\u00a0j\u00e1 teria colocado \u00e0 disposi\u00e7\u00e3o o cargo de vice-presidente de Pessoa Jur\u00eddica da Caixa Econ\u00f4mica Federal. A informa\u00e7\u00e3o foi transmitida pelo pr\u00f3prio Geddel.<\/p>\n<p>Pr\u00e9-candidato ao governo baiano, o cacique do PMDB estadual diz que ainda n\u00e3o h\u00e1 defini\u00e7\u00e3o sobre como o partido se posicionar\u00e1 na Bahia \u00a0com rela\u00e7\u00e3o \u00e0 elei\u00e7\u00e3o nacional. Mas as op\u00e7\u00f5es ficam entre o senador A\u00e9cio Neves (PSDB-MG) e o governador de Pernambuco, Eduardo Campos (PSB-PE), descartando o apoio a reelei\u00e7\u00e3o de Dilma Rousseff.<\/p>\n<p>\u201c\u00c9 evidente que no momento em que se aproxima a hora de repactuar nossa rela\u00e7\u00e3o com a sociedade atrav\u00e9s das urnas, e eu n\u00e3o tenho ainda a dimens\u00e3o exata do papel do PMDB da Bahia, fiz o que tinha que fazer\u201d, declarou Geddel.<\/p>\n","protected":false},"excerpt":{"rendered":"<p>Segundo mat\u00e9ria publicada na edi\u00e7\u00e3o do jornal A Tarde desta ter\u00e7a-feira, 1\u00ba, o peemedebista\u00a0Geddel Vieira Lima\u00a0j\u00e1 teria colocado \u00e0 disposi\u00e7\u00e3o o cargo de vice-presidente de Pessoa Jur\u00eddica da Caixa Econ\u00f4mica Federal. A informa\u00e7\u00e3o foi transmitida pelo pr\u00f3prio Geddel. Pr\u00e9-candidato ao governo baiano, o cacique do PMDB estadual diz que ainda n\u00e3o h\u00e1 defini\u00e7\u00e3o sobre como [&hellip;]<\/p>\n","protected":false},"author":2,"featured_media":0,"comment_status":"open","ping_status":"open","sticky":false,"template":"","format":"standard","meta":{"footnotes":"","_links_to":"","_links_to_target":""},"categories":[1],"tags":[],"class_list":["post-30884","post","type-post","status-publish","format-standard","hentry","category-geral"],"views":1120,"_links":{"self":[{"href":"https:\/\/www.sudoestehoje.com.br\/novoportal\/wp-json\/wp\/v2\/posts\/30884","targetHints":{"allow":["GET"]}}],"collection":[{"href":"https:\/\/www.sudoestehoje.com.br\/novoportal\/wp-json\/wp\/v2\/posts"}],"about":[{"href":"https:\/\/www.sudoestehoje.com.br\/novoportal\/wp-json\/wp\/v2\/types\/post"}],"author":[{"embeddable":true,"href":"https:\/\/www.sudoestehoje.com.br\/novoportal\/wp-json\/wp\/v2\/users\/2"}],"replies":[{"embeddable":true,"href":"https:\/\/www.sudoestehoje.com.br\/novoportal\/wp-json\/wp\/v2\/comments?post=30884"}],"version-history":[{"count":1,"href":"https:\/\/www.sudoestehoje.com.br\/novoportal\/wp-json\/wp\/v2\/posts\/30884\/revisions"}],"predecessor-version":[{"id":30886,"href":"https:\/\/www.sudoestehoje.com.br\/novoportal\/wp-json\/wp\/v2\/posts\/30884\/revisions\/30886"}],"wp:attachment":[{"href":"https:\/\/www.sudoestehoje.com.br\/novoportal\/wp-json\/wp\/v2\/media?parent=30884"}],"wp:term":[{"taxonomy":"category","embeddable":true,"href":"https:\/\/www.sudoestehoje.com.br\/novoportal\/wp-json\/wp\/v2\/categories?post=30884"},{"taxonomy":"post_tag","embeddable":true,"href":"https:\/\/www.sudoestehoje.com.br\/novoportal\/wp-json\/wp\/v2\/tags?post=30884"}],"curies":[{"name":"wp","href":"https:\/\/api.w.org\/{rel}","templated":true}]}}