
{"id":30876,"date":"2013-10-02T00:59:47","date_gmt":"2013-10-02T03:59:47","guid":{"rendered":"http:\/\/www.sudoestehoje.com.br\/novoportal\/?p=30876"},"modified":"2013-10-02T00:59:09","modified_gmt":"2013-10-02T03:59:09","slug":"sac-movel-atendera-em-itapetinga-nos-dias-11-e-12-de-outubro","status":"publish","type":"post","link":"https:\/\/www.sudoestehoje.com.br\/novoportal\/2013\/10\/02\/sac-movel-atendera-em-itapetinga-nos-dias-11-e-12-de-outubro\/","title":{"rendered":"SAC M\u00d3VEL ATENDER\u00c1 EM ITAPETINGA NOS DIAS 11 E 12 DE OUTUBRO"},"content":{"rendered":"<p><a href=\"http:\/\/www.sudoestehoje.com.br\/novoportal\/wp-content\/uploads\/2013\/10\/SAC.jpg\"><img loading=\"lazy\" decoding=\"async\" class=\"size-full wp-image-30877 alignleft\" alt=\"SAC\" src=\"http:\/\/www.sudoestehoje.com.br\/novoportal\/wp-content\/uploads\/2013\/10\/SAC.jpg\" width=\"256\" height=\"192\" \/><\/a><\/p>\n<p>O SAC M\u00f3vel estar\u00e1 visitando\u00a0vinte cidades baianas no\u00a0 m\u00eas de outubro, entre elas,\u00a0<strong>Itapetinga<\/strong>. Segundo informa\u00e7\u00f5es da ag\u00eancia do estado, os servi\u00e7os de\u00a0 emiss\u00e3o da Carteira de Identidade, Certid\u00e3o Negativa de Antecedentes Criminais e primeira via do CPF, al\u00e9m do atendimento para a Previd\u00eancia Estadual e Ouvidoria Geral estar\u00e3o dispon\u00edveis com a passagem do SAC pelo interior da Bahia. O atendimento em Itapetinga est\u00e1 previsto para os dias 11 e 12 deste m\u00eas de outubro, no hor\u00e1rio de 8h \u00e0s 18h, sem intervalo para o almo\u00e7o.<\/p>\n<p>A unidade vai come\u00e7ar atender nesta\u00a0 quarta-feira (2) em Itapebi, a 597 quil\u00f4metros de Salvador, onde permanece at\u00e9 o dia seguinte. A carreta parte em seguida para Potiragu\u00e1 (5 e 6), Itarantim (8 e 9), Itapetinga (11 e 12), Bom Jesus da Serra (14 e 15), Mirante (17 e 18), Caetanos (20 e 21), Aracatu (23 e 24), Maetinga (26 e 27) e Pirip\u00e1 (29 e 30). \u00a0J\u00e1 a Rota 3 tem in\u00edcio na cidade de Jaguaquara, onde permanece tamb\u00e9m\u00a0 na quarta e quinta-feira (2 e 3). A carreta segue viagem para os munic\u00edpios de Cravol\u00e2ndia (5 e 6), Marcion\u00edlio Souza (8 e 9), Baixa Grande (11 e 12), Quixabeira (14 e 15), Capim Grosso (17 e 18), V\u00e1rzea Nova (20 e 21), Ourol\u00e2ndia (23 e 24), Umburanas (26 e 27) e Presidente Dutra (29 e 30).<\/p>\n","protected":false},"excerpt":{"rendered":"<p>O SAC M\u00f3vel estar\u00e1 visitando\u00a0vinte cidades baianas no\u00a0 m\u00eas de outubro, entre elas,\u00a0Itapetinga. Segundo informa\u00e7\u00f5es da ag\u00eancia do estado, os servi\u00e7os de\u00a0 emiss\u00e3o da Carteira de Identidade, Certid\u00e3o Negativa de Antecedentes Criminais e primeira via do CPF, al\u00e9m do atendimento para a Previd\u00eancia Estadual e Ouvidoria Geral estar\u00e3o dispon\u00edveis com a passagem do SAC pelo [&hellip;]<\/p>\n","protected":false},"author":2,"featured_media":0,"comment_status":"open","ping_status":"open","sticky":false,"template":"","format":"standard","meta":{"footnotes":"","_links_to":"","_links_to_target":""},"categories":[1],"tags":[],"class_list":["post-30876","post","type-post","status-publish","format-standard","hentry","category-geral"],"views":1117,"_links":{"self":[{"href":"https:\/\/www.sudoestehoje.com.br\/novoportal\/wp-json\/wp\/v2\/posts\/30876","targetHints":{"allow":["GET"]}}],"collection":[{"href":"https:\/\/www.sudoestehoje.com.br\/novoportal\/wp-json\/wp\/v2\/posts"}],"about":[{"href":"https:\/\/www.sudoestehoje.com.br\/novoportal\/wp-json\/wp\/v2\/types\/post"}],"author":[{"embeddable":true,"href":"https:\/\/www.sudoestehoje.com.br\/novoportal\/wp-json\/wp\/v2\/users\/2"}],"replies":[{"embeddable":true,"href":"https:\/\/www.sudoestehoje.com.br\/novoportal\/wp-json\/wp\/v2\/comments?post=30876"}],"version-history":[{"count":1,"href":"https:\/\/www.sudoestehoje.com.br\/novoportal\/wp-json\/wp\/v2\/posts\/30876\/revisions"}],"predecessor-version":[{"id":30878,"href":"https:\/\/www.sudoestehoje.com.br\/novoportal\/wp-json\/wp\/v2\/posts\/30876\/revisions\/30878"}],"wp:attachment":[{"href":"https:\/\/www.sudoestehoje.com.br\/novoportal\/wp-json\/wp\/v2\/media?parent=30876"}],"wp:term":[{"taxonomy":"category","embeddable":true,"href":"https:\/\/www.sudoestehoje.com.br\/novoportal\/wp-json\/wp\/v2\/categories?post=30876"},{"taxonomy":"post_tag","embeddable":true,"href":"https:\/\/www.sudoestehoje.com.br\/novoportal\/wp-json\/wp\/v2\/tags?post=30876"}],"curies":[{"name":"wp","href":"https:\/\/api.w.org\/{rel}","templated":true}]}}