
{"id":30863,"date":"2013-10-01T13:31:22","date_gmt":"2013-10-01T16:31:22","guid":{"rendered":"http:\/\/www.sudoestehoje.com.br\/novoportal\/?p=30863"},"modified":"2013-10-01T13:33:59","modified_gmt":"2013-10-01T16:33:59","slug":"justica-pode-afastar-ze-carlos-e-empossar-o-vice-alecio-chaves","status":"publish","type":"post","link":"https:\/\/www.sudoestehoje.com.br\/novoportal\/2013\/10\/01\/justica-pode-afastar-ze-carlos-e-empossar-o-vice-alecio-chaves\/","title":{"rendered":"JUSTI\u00c7A PODE AFASTAR Z\u00c9 CARLOS E EMPOSSAR O VICE AL\u00c9CIO CHAVES"},"content":{"rendered":"<div id=\"attachment_30864\" style=\"width: 510px\" class=\"wp-caption aligncenter\"><a href=\"http:\/\/www.sudoestehoje.com.br\/novoportal\/wp-content\/uploads\/2013\/10\/al\u00e9cio-e-ze.jpg\"><img loading=\"lazy\" decoding=\"async\" aria-describedby=\"caption-attachment-30864\" class=\"size-medium wp-image-30864\" alt=\"O progn\u00f3stico mais\" src=\"http:\/\/www.sudoestehoje.com.br\/novoportal\/wp-content\/uploads\/2013\/10\/al\u00e9cio-e-ze-500x250.jpg\" width=\"500\" height=\"250\" srcset=\"https:\/\/www.sudoestehoje.com.br\/novoportal\/wp-content\/uploads\/2013\/10\/al\u00e9cio-e-ze-500x250.jpg 500w, https:\/\/www.sudoestehoje.com.br\/novoportal\/wp-content\/uploads\/2013\/10\/al\u00e9cio-e-ze.jpg 600w\" sizes=\"auto, (max-width: 500px) 100vw, 500px\" \/><\/a><p id=\"caption-attachment-30864\" class=\"wp-caption-text\">O progn\u00f3stico mais prov\u00e1vel \u00e9 que Z\u00e9 Carlos ser\u00e1 cassado pela justi\u00e7a local e que Al\u00e9cio Chaves assuma o posto, at\u00e9 o julgamento das a\u00e7\u00f5es eleitorais que pedem a cassa\u00e7\u00e3o de ambos.<\/p><\/div>\n<p>ITAPETINGA: Cercado de processos em todas as esferas do judici\u00e1rio, o prefeito de Itapetinga, Jos\u00e9 Carlos Moura (PT), corre o s\u00e9rio risco de ser afastado, ou at\u00e9 mesmo cassado do cargo, nos pr\u00f3ximos meses. \u00a0Na Vara da Fazenda P\u00fablica de Itapetinga, correm algumas a\u00e7\u00f5es pedindo a sua cassa\u00e7\u00e3o, sendo que uma delas, uma A\u00e7\u00e3o Popular que j\u00e1 ensejou a indisponibilidade de todos os seus bens pessoais, dever\u00e1 ser julgada at\u00e9 dezembro ou janeiro pr\u00f3ximo, com grandes possibilidades do prefeito ser afastado do cargo, dando lugar ao seu vice, Al\u00e9cio Chaves.<\/p>\n<p>Em uma outra A\u00e7\u00e3o Civil P\u00fablica, proposta pelo Minist\u00e9rio P\u00fablico Estadual, Jos\u00e9 Carlos \u00e9 acusado de v\u00e1rias irregularidades na contrata\u00e7\u00e3o da empresa de consultoria Bernardo Vidal, que resultou na instala\u00e7\u00e3o de uma CPI na C\u00e2mara Municipal, com desdobramentos ser\u00edssimos, que podem complicar a vida pol\u00edtica e pessoal do prefeito e membros da sua equipe.<\/p>\n<p>Na Justi\u00e7a Eleitoral, Z\u00e9 Carlos responde a tr\u00eas a\u00e7\u00f5es propostas pela oposi\u00e7\u00e3o, que o acusam de abuso do poder econ\u00f4mico e capta\u00e7\u00e3o ilegal de votos. Em casos semelhantes e at\u00e9 com menor gravidade, o TRE cassou v\u00e1rios gestores Bahia afora, inclusive alguns do pr\u00f3prio PT. Neste caso, a sua cassa\u00e7\u00e3o \u00e9 tida como certa e a segunda colocada no pleito de 2012, K\u00e1tia Espinheira, dever\u00e1 assumir.<\/p>\n<p>O mais grave, entretanto, s\u00e3o as a\u00e7\u00f5es criminais promovidas pela Procuradoria Estadual do Minist\u00e9rio P\u00fablico, na 1\u00aa C\u00e2mara Criminal do Tribunal de Justi\u00e7a, em decorr\u00eancia de den\u00fancias da vereadora Naara Duarte e do democrata Geraldo Trindade, em raz\u00e3o dos crimes praticados na contrata\u00e7\u00e3o e atua\u00e7\u00e3o do Bernardo Vidal, que podem levar \u00e0 condena\u00e7\u00e3o penal, que prev\u00ea at\u00e9 a pris\u00e3o do prefeito Z\u00e9 Carlos e outros envolvidos na maracutaia, cujas penas podem chegar a 6 anos de reclus\u00e3o.\u00a0Al\u00e9m do pedido de condena\u00e7\u00e3o penal, o MP pede tamb\u00e9m a restitui\u00e7\u00e3o de cerca de <strong><em>5 milh\u00f5es de reais<\/em><\/strong>, desviados dos cofres municipais.<\/p>\n<p>Segundo opini\u00f5es de advogados que atuam na \u00e1rea p\u00fablica, entretanto, Z\u00e9 Carlos deve cair mesmo em decorr\u00eancia da A\u00e7\u00e3o Popular que corre na Vara da Fazenda P\u00fablica, podendo recorrer da decis\u00e3o, com Al\u00e9cio Chaves no cargo de prefeito.<\/p>\n<p>J\u00e1 tem evang\u00e9lico fazendo vig\u00edlia de ora\u00e7\u00f5es&#8230;<\/p>\n<p><strong><em>Por Davi Ferraz<\/em><\/strong><\/p>\n","protected":false},"excerpt":{"rendered":"<p>ITAPETINGA: Cercado de processos em todas as esferas do judici\u00e1rio, o prefeito de Itapetinga, Jos\u00e9 Carlos Moura (PT), corre o s\u00e9rio risco de ser afastado, ou at\u00e9 mesmo cassado do cargo, nos pr\u00f3ximos meses. \u00a0Na Vara da Fazenda P\u00fablica de Itapetinga, correm algumas a\u00e7\u00f5es pedindo a sua cassa\u00e7\u00e3o, sendo que uma delas, uma A\u00e7\u00e3o Popular [&hellip;]<\/p>\n","protected":false},"author":2,"featured_media":0,"comment_status":"open","ping_status":"open","sticky":false,"template":"","format":"standard","meta":{"footnotes":"","_links_to":"","_links_to_target":""},"categories":[1],"tags":[],"class_list":["post-30863","post","type-post","status-publish","format-standard","hentry","category-geral"],"views":1204,"_links":{"self":[{"href":"https:\/\/www.sudoestehoje.com.br\/novoportal\/wp-json\/wp\/v2\/posts\/30863","targetHints":{"allow":["GET"]}}],"collection":[{"href":"https:\/\/www.sudoestehoje.com.br\/novoportal\/wp-json\/wp\/v2\/posts"}],"about":[{"href":"https:\/\/www.sudoestehoje.com.br\/novoportal\/wp-json\/wp\/v2\/types\/post"}],"author":[{"embeddable":true,"href":"https:\/\/www.sudoestehoje.com.br\/novoportal\/wp-json\/wp\/v2\/users\/2"}],"replies":[{"embeddable":true,"href":"https:\/\/www.sudoestehoje.com.br\/novoportal\/wp-json\/wp\/v2\/comments?post=30863"}],"version-history":[{"count":2,"href":"https:\/\/www.sudoestehoje.com.br\/novoportal\/wp-json\/wp\/v2\/posts\/30863\/revisions"}],"predecessor-version":[{"id":30866,"href":"https:\/\/www.sudoestehoje.com.br\/novoportal\/wp-json\/wp\/v2\/posts\/30863\/revisions\/30866"}],"wp:attachment":[{"href":"https:\/\/www.sudoestehoje.com.br\/novoportal\/wp-json\/wp\/v2\/media?parent=30863"}],"wp:term":[{"taxonomy":"category","embeddable":true,"href":"https:\/\/www.sudoestehoje.com.br\/novoportal\/wp-json\/wp\/v2\/categories?post=30863"},{"taxonomy":"post_tag","embeddable":true,"href":"https:\/\/www.sudoestehoje.com.br\/novoportal\/wp-json\/wp\/v2\/tags?post=30863"}],"curies":[{"name":"wp","href":"https:\/\/api.w.org\/{rel}","templated":true}]}}