
{"id":30860,"date":"2013-10-01T12:12:59","date_gmt":"2013-10-01T15:12:59","guid":{"rendered":"http:\/\/www.sudoestehoje.com.br\/novoportal\/?p=30860"},"modified":"2013-10-01T12:12:59","modified_gmt":"2013-10-01T15:12:59","slug":"justica-determina-que-comissoes-da-camara-de-vereadores-sejam-refeitas","status":"publish","type":"post","link":"https:\/\/www.sudoestehoje.com.br\/novoportal\/2013\/10\/01\/justica-determina-que-comissoes-da-camara-de-vereadores-sejam-refeitas\/","title":{"rendered":"JUSTI\u00c7A DETERMINA QUE COMISS\u00d5ES DA C\u00c2MARA DE VEREADORES SEJAM REFEITAS"},"content":{"rendered":"<div id=\"attachment_30861\" style=\"width: 510px\" class=\"wp-caption aligncenter\"><a href=\"http:\/\/www.sudoestehoje.com.br\/novoportal\/wp-content\/uploads\/2013\/10\/GEDC0043.jpg\"><img loading=\"lazy\" decoding=\"async\" aria-describedby=\"caption-attachment-30861\" class=\"size-medium wp-image-30861\" alt=\"Nova composi\u00e7\u00e3o poder\u00e1 contemplar vereadores que foram exclu\u00eddos das comiss\u00f5es da C\u00e2mara Municipal. Foto Sudoeste Hoje\" src=\"http:\/\/www.sudoestehoje.com.br\/novoportal\/wp-content\/uploads\/2013\/10\/GEDC0043-500x281.jpg\" width=\"500\" height=\"281\" srcset=\"https:\/\/www.sudoestehoje.com.br\/novoportal\/wp-content\/uploads\/2013\/10\/GEDC0043-500x281.jpg 500w, https:\/\/www.sudoestehoje.com.br\/novoportal\/wp-content\/uploads\/2013\/10\/GEDC0043-700x393.jpg 700w, https:\/\/www.sudoestehoje.com.br\/novoportal\/wp-content\/uploads\/2013\/10\/GEDC0043.jpg 1920w\" sizes=\"auto, (max-width: 500px) 100vw, 500px\" \/><\/a><p id=\"caption-attachment-30861\" class=\"wp-caption-text\">Nova composi\u00e7\u00e3o poder\u00e1 contemplar vereadores que foram exclu\u00eddos das comiss\u00f5es da C\u00e2mara Municipal. Foto Sudoeste Hoje<\/p><\/div>\n<p>ITAPETINGA: Atrav\u00e9s de liminar concedida em favor dos vereadores Naara Duarte, Jo\u00e3o de Deus e Renan Coelho, o juiz da Vara da Fazenda P\u00fablica, Dr. Daniel Lima Falc\u00e3o, determinou que as comiss\u00f5es da C\u00e2mara Municipal de Itapetinga sejam refeitas para contemplar vereadores da oposi\u00e7\u00e3o que foram tolhidos de participar da sua composi\u00e7\u00e3o, num flagrante desrespeito \u00e0 proporcionalidade prevista em lei.<\/p>\n<p>Com a determina\u00e7\u00e3o judicial, os vereadores oposicionistas dever\u00e3o compor as diversas comiss\u00f5es, obedecendo-se, desta forma, os crit\u00e9rios de proporcionalidade previstos no Regimento Interno da Casa Legislativa, o que dar\u00e1 mais equil\u00edbrio \u00e0s decis\u00f5es da c\u00e2mara, na an\u00e1lise dos projetos.<\/p>\n<p>Da atual composi\u00e7\u00e3o, ficaram de fora das comiss\u00f5es os vereadores Naara Duarte, Jo\u00e3o de Deus, Alfredo Cabral, Renan Coelho e Tarug\u00e3o. A presidente da C\u00e2mara Municipal j\u00e1 foi citada pela justi\u00e7a e tem o prazo de 10 dias para refazer as comiss\u00f5es.<\/p>\n<p><strong><em>Sudoeste Hoje\u00a0<\/em><\/strong><\/p>\n","protected":false},"excerpt":{"rendered":"<p>ITAPETINGA: Atrav\u00e9s de liminar concedida em favor dos vereadores Naara Duarte, Jo\u00e3o de Deus e Renan Coelho, o juiz da Vara da Fazenda P\u00fablica, Dr. Daniel Lima Falc\u00e3o, determinou que as comiss\u00f5es da C\u00e2mara Municipal de Itapetinga sejam refeitas para contemplar vereadores da oposi\u00e7\u00e3o que foram tolhidos de participar da sua composi\u00e7\u00e3o, num flagrante desrespeito [&hellip;]<\/p>\n","protected":false},"author":2,"featured_media":0,"comment_status":"open","ping_status":"open","sticky":false,"template":"","format":"standard","meta":{"footnotes":"","_links_to":"","_links_to_target":""},"categories":[1],"tags":[],"class_list":["post-30860","post","type-post","status-publish","format-standard","hentry","category-geral"],"views":1045,"_links":{"self":[{"href":"https:\/\/www.sudoestehoje.com.br\/novoportal\/wp-json\/wp\/v2\/posts\/30860","targetHints":{"allow":["GET"]}}],"collection":[{"href":"https:\/\/www.sudoestehoje.com.br\/novoportal\/wp-json\/wp\/v2\/posts"}],"about":[{"href":"https:\/\/www.sudoestehoje.com.br\/novoportal\/wp-json\/wp\/v2\/types\/post"}],"author":[{"embeddable":true,"href":"https:\/\/www.sudoestehoje.com.br\/novoportal\/wp-json\/wp\/v2\/users\/2"}],"replies":[{"embeddable":true,"href":"https:\/\/www.sudoestehoje.com.br\/novoportal\/wp-json\/wp\/v2\/comments?post=30860"}],"version-history":[{"count":1,"href":"https:\/\/www.sudoestehoje.com.br\/novoportal\/wp-json\/wp\/v2\/posts\/30860\/revisions"}],"predecessor-version":[{"id":30862,"href":"https:\/\/www.sudoestehoje.com.br\/novoportal\/wp-json\/wp\/v2\/posts\/30860\/revisions\/30862"}],"wp:attachment":[{"href":"https:\/\/www.sudoestehoje.com.br\/novoportal\/wp-json\/wp\/v2\/media?parent=30860"}],"wp:term":[{"taxonomy":"category","embeddable":true,"href":"https:\/\/www.sudoestehoje.com.br\/novoportal\/wp-json\/wp\/v2\/categories?post=30860"},{"taxonomy":"post_tag","embeddable":true,"href":"https:\/\/www.sudoestehoje.com.br\/novoportal\/wp-json\/wp\/v2\/tags?post=30860"}],"curies":[{"name":"wp","href":"https:\/\/api.w.org\/{rel}","templated":true}]}}