
{"id":30848,"date":"2013-09-30T16:17:48","date_gmt":"2013-09-30T19:17:48","guid":{"rendered":"http:\/\/www.sudoestehoje.com.br\/novoportal\/?p=30848"},"modified":"2013-09-30T16:17:48","modified_gmt":"2013-09-30T19:17:48","slug":"itororo-adroaldo-quer-emancipar-rio-do-meio-para-voltar-a-ser-prefeito","status":"publish","type":"post","link":"https:\/\/www.sudoestehoje.com.br\/novoportal\/2013\/09\/30\/itororo-adroaldo-quer-emancipar-rio-do-meio-para-voltar-a-ser-prefeito\/","title":{"rendered":"ITOROR\u00d3: ADROALDO QUER EMANCIPAR RIO DO MEIO PARA VOLTAR A SER PREFEITO"},"content":{"rendered":"<div id=\"attachment_30849\" style=\"width: 510px\" class=\"wp-caption aligncenter\"><a href=\"http:\/\/www.sudoestehoje.com.br\/novoportal\/wp-content\/uploads\/2013\/09\/SAM_3898.jpg\"><img loading=\"lazy\" decoding=\"async\" aria-describedby=\"caption-attachment-30849\" class=\"size-medium wp-image-30849\" alt=\"'Adroaldistas' se reuniram para articular emancipa\u00e7\u00e3o do distrito de Rio do Meio. Presente ao evento, Adroaldo n\u00e3o quis sair na foto. Foto Rubinho Cordeiro \" src=\"http:\/\/www.sudoestehoje.com.br\/novoportal\/wp-content\/uploads\/2013\/09\/SAM_3898-500x375.jpg\" width=\"500\" height=\"375\" srcset=\"https:\/\/www.sudoestehoje.com.br\/novoportal\/wp-content\/uploads\/2013\/09\/SAM_3898-500x375.jpg 500w, https:\/\/www.sudoestehoje.com.br\/novoportal\/wp-content\/uploads\/2013\/09\/SAM_3898-700x525.jpg 700w, https:\/\/www.sudoestehoje.com.br\/novoportal\/wp-content\/uploads\/2013\/09\/SAM_3898.jpg 1600w\" sizes=\"auto, (max-width: 500px) 100vw, 500px\" \/><\/a><p id=\"caption-attachment-30849\" class=\"wp-caption-text\">&#8216;Adroaldistas&#8217; se reuniram para articular emancipa\u00e7\u00e3o do distrito de Rio do Meio. Presente ao evento, Adroaldo n\u00e3o quis sair na foto do blog de Rubinho Cordeiro<\/p><\/div>\n<p>Desde que foi derrotado pelo atual prefeito Marco Brito, em 2012, o ex-prefeito Adroaldo Almeida (PT) tenta criar algum fato pol\u00edtico relevante, para n\u00e3o perder de vez os seus correligion\u00e1rios no munic\u00edpio, que deixou e ver navios logo depois das elei\u00e7\u00f5es, mudando-se para o estado do Maranh\u00e3o.<\/p>\n<p>Inicialmente, Adroaldo alimentou nos seus saudosos &#8216;companheiros&#8217; a falsa esperan\u00e7a de que Marco Brito poderia ter o registro da candidatura cassado pelo TSE, levando muitos deles a comprar fogos para comemorar a esperada cassa\u00e7\u00e3o, que nunca chega. Agora, sem nenhum fundamento legal, articula uma suposta emancipa\u00e7\u00e3o pol\u00edtica do Distrito de Rio do Meio, promovendo reuni\u00f5es com moradores do distrito, sob o falso argumento de que o seu atual chefe, o deputado federal Geraldo Sim\u00f5es, estaria ingressando com um projeto na C\u00e2mara Federal, para emancipar Rio do Meio.<\/p>\n<p>Na verdade, a proposta do ex-prefeito Adroaldo n\u00e3o passa de mais um engodo, mesmo porque a lei que trata da emancipa\u00e7\u00e3o e cria\u00e7\u00e3o de novos munic\u00edpios, prev\u00ea a realiza\u00e7\u00e3o de plebiscito, onde votam todos os moradores do munic\u00edpio original. No caso de Rio do Meio, precisaria da maioria dos votos da sede do munic\u00edpio de Itoror\u00f3, dos seus distritos e de toda a zona rural, empreitada que n\u00e3o muito f\u00e1cil para quem perdeu uma elei\u00e7\u00e3o por larga margem e saiu corrido da cidade.<\/p>\n<p>O mais curioso \u00e9 que Adroaldo recusou proposta do IBGE e da Comiss\u00e3o de Divis\u00e3o Territorial da Assembl\u00e9ia Legislativa, para incorporar a Itoror\u00f3 o vizinho distrito de S\u00e3o Jos\u00e9 do Col\u00f4nia, que acabou sendo retirado de Itamb\u00e9 e entregue a Caatiba, contra a vontade dos seus moradores.<\/p>\n<p>Desconhecedor dos problemas e dos anseios da popula\u00e7\u00e3o de Itoror\u00f3, o deputado Geraldo Sim\u00f5es empresta o seu nome para a infeliz empreitada do seu &#8216;assessor para assuntos aleat\u00f3rios&#8217;, enquanto Rosemberg Pinto, profundo conhecedor da &#8216;pe\u00e7a&#8217;, n\u00e3o quer nem saber do assunto.<\/p>\n<p>Na \u00faltima elei\u00e7\u00e3o, Adroaldo foi menos votado em Rio do Meio que o vereador do distrito.<\/p>\n<p><strong><em>Por Davi Ferraz\u00a0<\/em><\/strong><\/p>\n","protected":false},"excerpt":{"rendered":"<p>Desde que foi derrotado pelo atual prefeito Marco Brito, em 2012, o ex-prefeito Adroaldo Almeida (PT) tenta criar algum fato pol\u00edtico relevante, para n\u00e3o perder de vez os seus correligion\u00e1rios no munic\u00edpio, que deixou e ver navios logo depois das elei\u00e7\u00f5es, mudando-se para o estado do Maranh\u00e3o. Inicialmente, Adroaldo alimentou nos seus saudosos &#8216;companheiros&#8217; a [&hellip;]<\/p>\n","protected":false},"author":2,"featured_media":0,"comment_status":"open","ping_status":"open","sticky":false,"template":"","format":"standard","meta":{"footnotes":"","_links_to":"","_links_to_target":""},"categories":[1],"tags":[],"class_list":["post-30848","post","type-post","status-publish","format-standard","hentry","category-geral"],"views":2742,"_links":{"self":[{"href":"https:\/\/www.sudoestehoje.com.br\/novoportal\/wp-json\/wp\/v2\/posts\/30848","targetHints":{"allow":["GET"]}}],"collection":[{"href":"https:\/\/www.sudoestehoje.com.br\/novoportal\/wp-json\/wp\/v2\/posts"}],"about":[{"href":"https:\/\/www.sudoestehoje.com.br\/novoportal\/wp-json\/wp\/v2\/types\/post"}],"author":[{"embeddable":true,"href":"https:\/\/www.sudoestehoje.com.br\/novoportal\/wp-json\/wp\/v2\/users\/2"}],"replies":[{"embeddable":true,"href":"https:\/\/www.sudoestehoje.com.br\/novoportal\/wp-json\/wp\/v2\/comments?post=30848"}],"version-history":[{"count":2,"href":"https:\/\/www.sudoestehoje.com.br\/novoportal\/wp-json\/wp\/v2\/posts\/30848\/revisions"}],"predecessor-version":[{"id":30851,"href":"https:\/\/www.sudoestehoje.com.br\/novoportal\/wp-json\/wp\/v2\/posts\/30848\/revisions\/30851"}],"wp:attachment":[{"href":"https:\/\/www.sudoestehoje.com.br\/novoportal\/wp-json\/wp\/v2\/media?parent=30848"}],"wp:term":[{"taxonomy":"category","embeddable":true,"href":"https:\/\/www.sudoestehoje.com.br\/novoportal\/wp-json\/wp\/v2\/categories?post=30848"},{"taxonomy":"post_tag","embeddable":true,"href":"https:\/\/www.sudoestehoje.com.br\/novoportal\/wp-json\/wp\/v2\/tags?post=30848"}],"curies":[{"name":"wp","href":"https:\/\/api.w.org\/{rel}","templated":true}]}}