
{"id":30829,"date":"2013-09-29T19:56:18","date_gmt":"2013-09-29T22:56:18","guid":{"rendered":"http:\/\/www.sudoestehoje.com.br\/novoportal\/?p=30829"},"modified":"2013-09-29T20:25:51","modified_gmt":"2013-09-29T23:25:51","slug":"candidato-de-wagner-vai-distribuir-maquinas-em-conquista","status":"publish","type":"post","link":"https:\/\/www.sudoestehoje.com.br\/novoportal\/2013\/09\/29\/candidato-de-wagner-vai-distribuir-maquinas-em-conquista\/","title":{"rendered":"CANDIDATO DE WAGNER VAI DISTRIBUIR M\u00c1QUINAS EM CONQUISTA"},"content":{"rendered":"<p style=\"text-align: center;\"><a href=\"http:\/\/www.sudoestehoje.com.br\/novoportal\/wp-content\/uploads\/2013\/09\/MAQ.jpg\"><img decoding=\"async\" class=\"aligncenter  wp-image-30830\" alt=\"MAQ\" src=\"http:\/\/www.sudoestehoje.com.br\/novoportal\/wp-content\/uploads\/2013\/09\/MAQ.jpg\" width=\"500\" \/><\/a><\/p>\n<p>Nesta segunda-feira (30), o atual secret\u00e1rio da Casa Civil do Governo do Estado, Rui Costa (PT), ir\u00e1 cumprir agenda em Vit\u00f3ria da Conquista. Preferido de Jaques Wagner para as elei\u00e7\u00f5es do ano que vem, o chefe da pasta ir\u00e1 entregar oito m\u00e1quinas agr\u00edcolas (retroescavadeiras, motoniveladoras, caminh\u00f5es ca\u00e7amba, p\u00e1s carregadeiras) que v\u00e3o atender mais de 30 prefeitos da regi\u00e3o.\u00a0A solenidade acontece a partir das 8:30 h, no Centro de Conven\u00e7\u00f5es Divaldo Franco, na Avenida Rosa Cruz.<\/p>\n<p style=\"text-align: center;\"><a href=\"http:\/\/www.sudoestehoje.com.br\/novoportal\/wp-content\/uploads\/2013\/09\/MAQ-1.jpg\"><img decoding=\"async\" class=\"aligncenter  wp-image-30831\" alt=\"MAQ 1\" src=\"http:\/\/www.sudoestehoje.com.br\/novoportal\/wp-content\/uploads\/2013\/09\/MAQ-1.jpg\" width=\"500\" \/><\/a><\/p>\n<p>Atrav\u00e9s dos cons\u00f3rcios p\u00fablicos Vale do Rio Gavi\u00e3o, presidido pelo prefeito de Cordeiros, Edvar Ribeiro, e Intermunicipal do Sudoeste Bahia, presidido pelo prefeito de Barra do Cho\u00e7a, Oberdan Rocha, as m\u00e1quinas, em rod\u00edzio nos munic\u00edpios, v\u00e3o contribuir para a constru\u00e7\u00e3o de estradas vicinais, al\u00e9m de melhorar a infraestrutura h\u00eddrica. Informa\u00e7\u00f5es Blog do Rodrigo Ferraz<\/p>\n<p>&nbsp;<\/p>\n","protected":false},"excerpt":{"rendered":"<p>Nesta segunda-feira (30), o atual secret\u00e1rio da Casa Civil do Governo do Estado, Rui Costa (PT), ir\u00e1 cumprir agenda em Vit\u00f3ria da Conquista. Preferido de Jaques Wagner para as elei\u00e7\u00f5es do ano que vem, o chefe da pasta ir\u00e1 entregar oito m\u00e1quinas agr\u00edcolas (retroescavadeiras, motoniveladoras, caminh\u00f5es ca\u00e7amba, p\u00e1s carregadeiras) que v\u00e3o atender mais de 30 [&hellip;]<\/p>\n","protected":false},"author":2,"featured_media":0,"comment_status":"open","ping_status":"open","sticky":false,"template":"","format":"standard","meta":{"footnotes":"","_links_to":"","_links_to_target":""},"categories":[1],"tags":[],"class_list":["post-30829","post","type-post","status-publish","format-standard","hentry","category-geral"],"views":1455,"_links":{"self":[{"href":"https:\/\/www.sudoestehoje.com.br\/novoportal\/wp-json\/wp\/v2\/posts\/30829","targetHints":{"allow":["GET"]}}],"collection":[{"href":"https:\/\/www.sudoestehoje.com.br\/novoportal\/wp-json\/wp\/v2\/posts"}],"about":[{"href":"https:\/\/www.sudoestehoje.com.br\/novoportal\/wp-json\/wp\/v2\/types\/post"}],"author":[{"embeddable":true,"href":"https:\/\/www.sudoestehoje.com.br\/novoportal\/wp-json\/wp\/v2\/users\/2"}],"replies":[{"embeddable":true,"href":"https:\/\/www.sudoestehoje.com.br\/novoportal\/wp-json\/wp\/v2\/comments?post=30829"}],"version-history":[{"count":4,"href":"https:\/\/www.sudoestehoje.com.br\/novoportal\/wp-json\/wp\/v2\/posts\/30829\/revisions"}],"predecessor-version":[{"id":30835,"href":"https:\/\/www.sudoestehoje.com.br\/novoportal\/wp-json\/wp\/v2\/posts\/30829\/revisions\/30835"}],"wp:attachment":[{"href":"https:\/\/www.sudoestehoje.com.br\/novoportal\/wp-json\/wp\/v2\/media?parent=30829"}],"wp:term":[{"taxonomy":"category","embeddable":true,"href":"https:\/\/www.sudoestehoje.com.br\/novoportal\/wp-json\/wp\/v2\/categories?post=30829"},{"taxonomy":"post_tag","embeddable":true,"href":"https:\/\/www.sudoestehoje.com.br\/novoportal\/wp-json\/wp\/v2\/tags?post=30829"}],"curies":[{"name":"wp","href":"https:\/\/api.w.org\/{rel}","templated":true}]}}