
{"id":30799,"date":"2013-09-27T11:55:58","date_gmt":"2013-09-27T14:55:58","guid":{"rendered":"http:\/\/www.sudoestehoje.com.br\/novoportal\/?p=30799"},"modified":"2013-09-27T11:55:58","modified_gmt":"2013-09-27T14:55:58","slug":"contas-do-vereador-joao-de-deus-sao-aprovadas-pelo-tcm","status":"publish","type":"post","link":"https:\/\/www.sudoestehoje.com.br\/novoportal\/2013\/09\/27\/contas-do-vereador-joao-de-deus-sao-aprovadas-pelo-tcm\/","title":{"rendered":"CONTAS DO VEREADOR JO\u00c3O DE DEUS S\u00c3O APROVADAS PELO TCM"},"content":{"rendered":"<p><img decoding=\"async\" class=\"aligncenter\" id=\"irc_mi\" alt=\"\" src=\"http:\/\/1.bp.blogspot.com\/-2TSiiTSzMeg\/TV0YjcHZ47I\/AAAAAAAAHJs\/6v43SIpGM0Y\/s1600\/V%25C3%2581RIAS+114.jpg\" width=\"500\" \/><\/p>\n<p style=\"text-align: center;\"><em>Jo\u00e3o de Deus, Alfredo Cabral e Fabiano Bahia na Mesa Diretora em 2012<\/em><\/p>\n<p>&nbsp;<\/p>\n<p>ITAPETINGA: Na sess\u00e3o realizada nesta quinta-feira (26), no Tribunal de Contas dos Munic\u00edpios, as contas da C\u00e2mara Municipal de Itapetinga, relativas ao exerc\u00edcio de 2012, foram julgadas regulares, tendo o TCM emitido parecer favor\u00e1vel pela sua aprova\u00e7\u00e3o.<\/p>\n<p>Durante os exerc\u00edcios de 2011-2012, a C\u00e2mara de vereadores esteve sob a presid\u00eancia do vereador Jo\u00e3o de Deus (PMDB), que realizou uma gest\u00e3o austera, cumprindo \u00e0 risca todas as determina\u00e7\u00f5es emanadas do TCM, chegando ao ponto de devolver ao munic\u00edpio, no final de 2012, cerca de R$ 120 mil reais que n\u00e3o foram utilizados no exerc\u00edcio.<\/p>\n<p>Al\u00e9m de devolver recursos n\u00e3o utilizados \u00e0 prefeitura, Jo\u00e3o de Deus freou gastos desnecess\u00e1rios com concess\u00e3o de di\u00e1rias, um verdadeiro c\u00e2ncer existente h\u00e1 anos na C\u00e2mara de Vereadores, al\u00e9m de realizar uma grande reforma no pr\u00e9dio sede do legislativo Municipal.<\/p>\n<p>Um exemplo a ser seguido pela atual mesa diretora da C\u00e2mara e outras gest\u00f5es futuras.<\/p>\n<p><strong><em>Por Davi Ferraz\u00a0<\/em> <\/strong><\/p>\n","protected":false},"excerpt":{"rendered":"<p>Jo\u00e3o de Deus, Alfredo Cabral e Fabiano Bahia na Mesa Diretora em 2012 &nbsp; ITAPETINGA: Na sess\u00e3o realizada nesta quinta-feira (26), no Tribunal de Contas dos Munic\u00edpios, as contas da C\u00e2mara Municipal de Itapetinga, relativas ao exerc\u00edcio de 2012, foram julgadas regulares, tendo o TCM emitido parecer favor\u00e1vel pela sua aprova\u00e7\u00e3o. Durante os exerc\u00edcios de [&hellip;]<\/p>\n","protected":false},"author":2,"featured_media":0,"comment_status":"open","ping_status":"open","sticky":false,"template":"","format":"standard","meta":{"footnotes":"","_links_to":"","_links_to_target":""},"categories":[1],"tags":[],"class_list":["post-30799","post","type-post","status-publish","format-standard","hentry","category-geral"],"views":1181,"_links":{"self":[{"href":"https:\/\/www.sudoestehoje.com.br\/novoportal\/wp-json\/wp\/v2\/posts\/30799","targetHints":{"allow":["GET"]}}],"collection":[{"href":"https:\/\/www.sudoestehoje.com.br\/novoportal\/wp-json\/wp\/v2\/posts"}],"about":[{"href":"https:\/\/www.sudoestehoje.com.br\/novoportal\/wp-json\/wp\/v2\/types\/post"}],"author":[{"embeddable":true,"href":"https:\/\/www.sudoestehoje.com.br\/novoportal\/wp-json\/wp\/v2\/users\/2"}],"replies":[{"embeddable":true,"href":"https:\/\/www.sudoestehoje.com.br\/novoportal\/wp-json\/wp\/v2\/comments?post=30799"}],"version-history":[{"count":2,"href":"https:\/\/www.sudoestehoje.com.br\/novoportal\/wp-json\/wp\/v2\/posts\/30799\/revisions"}],"predecessor-version":[{"id":30801,"href":"https:\/\/www.sudoestehoje.com.br\/novoportal\/wp-json\/wp\/v2\/posts\/30799\/revisions\/30801"}],"wp:attachment":[{"href":"https:\/\/www.sudoestehoje.com.br\/novoportal\/wp-json\/wp\/v2\/media?parent=30799"}],"wp:term":[{"taxonomy":"category","embeddable":true,"href":"https:\/\/www.sudoestehoje.com.br\/novoportal\/wp-json\/wp\/v2\/categories?post=30799"},{"taxonomy":"post_tag","embeddable":true,"href":"https:\/\/www.sudoestehoje.com.br\/novoportal\/wp-json\/wp\/v2\/tags?post=30799"}],"curies":[{"name":"wp","href":"https:\/\/api.w.org\/{rel}","templated":true}]}}