
{"id":30790,"date":"2013-09-26T23:44:13","date_gmt":"2013-09-27T02:44:13","guid":{"rendered":"http:\/\/www.sudoestehoje.com.br\/novoportal\/?p=30790"},"modified":"2013-09-26T23:45:59","modified_gmt":"2013-09-27T02:45:59","slug":"em-busca-da-verdade","status":"publish","type":"post","link":"https:\/\/www.sudoestehoje.com.br\/novoportal\/2013\/09\/26\/em-busca-da-verdade\/","title":{"rendered":"EM BUSCA DA VERDADE&#8230;"},"content":{"rendered":"<p><img decoding=\"async\" class=\"aligncenter\" id=\"irc_mi\" alt=\"\" src=\"http:\/\/www.sudoestehoje.com.br\/novoportal\/wp-content\/uploads\/2012\/05\/RENAN-GUSMAO.jpg\" width=\"500\" \/><\/p>\n<p>Atrav\u00e9s de coment\u00e1rio postado no blog, um leitor me pede para &#8216;investigar&#8217; se \u00e9 verdade que um cidad\u00e3o teria ganho uma indeniza\u00e7\u00e3o no valor de 50 mil reais, numa a\u00e7\u00e3o movida contra o munic\u00edpio, por danos morais causados por um certo funcion\u00e1rio da Comutran. Confiram o coment\u00e1rio e me ajudem a descobrir a veracidade da den\u00fancia:<\/p>\n<p><em>&#8220;Davi meu guerreiro v\u00e9i, investiga isso a\u00ed. Rola nos nos bastidores que um funcion\u00e1rio processou a comutran e o munic\u00edpio ter\u00e1 que desembolsar para o rapaz R$50.000,00 (cinquenta mil reais). Isso tudo se deu porque o comandante de l\u00e1, G&#8230;, humilhou o rapaz na presen\u00e7a de in\u00fameras pessoas. Fonte confi\u00e1vel me falou e tudo est\u00e1 sob o mais absoluto sigilo para n\u00e3o trazer esc\u00e2ndalo. Coloca isso \u00e0 tona pra n\u00f3s, sei que s\u00f3 voc\u00ea tem a moral. Assunta s\u00f3 Davi, cabe\u00e7as v\u00e3o rolar.&#8221;<\/em><\/p>\n<p>Est\u00e3o abertas as &#8216;investiga\u00e7\u00f5es&#8217;&#8230; Algu\u00e9m me ajuda?<\/p>\n<p><strong><em>Davi Ferraz<\/em><\/strong><\/p>\n","protected":false},"excerpt":{"rendered":"<p>Atrav\u00e9s de coment\u00e1rio postado no blog, um leitor me pede para &#8216;investigar&#8217; se \u00e9 verdade que um cidad\u00e3o teria ganho uma indeniza\u00e7\u00e3o no valor de 50 mil reais, numa a\u00e7\u00e3o movida contra o munic\u00edpio, por danos morais causados por um certo funcion\u00e1rio da Comutran. Confiram o coment\u00e1rio e me ajudem a descobrir a veracidade da [&hellip;]<\/p>\n","protected":false},"author":2,"featured_media":0,"comment_status":"open","ping_status":"open","sticky":false,"template":"","format":"standard","meta":{"footnotes":"","_links_to":"","_links_to_target":""},"categories":[1],"tags":[],"class_list":["post-30790","post","type-post","status-publish","format-standard","hentry","category-geral"],"views":1700,"_links":{"self":[{"href":"https:\/\/www.sudoestehoje.com.br\/novoportal\/wp-json\/wp\/v2\/posts\/30790","targetHints":{"allow":["GET"]}}],"collection":[{"href":"https:\/\/www.sudoestehoje.com.br\/novoportal\/wp-json\/wp\/v2\/posts"}],"about":[{"href":"https:\/\/www.sudoestehoje.com.br\/novoportal\/wp-json\/wp\/v2\/types\/post"}],"author":[{"embeddable":true,"href":"https:\/\/www.sudoestehoje.com.br\/novoportal\/wp-json\/wp\/v2\/users\/2"}],"replies":[{"embeddable":true,"href":"https:\/\/www.sudoestehoje.com.br\/novoportal\/wp-json\/wp\/v2\/comments?post=30790"}],"version-history":[{"count":2,"href":"https:\/\/www.sudoestehoje.com.br\/novoportal\/wp-json\/wp\/v2\/posts\/30790\/revisions"}],"predecessor-version":[{"id":30795,"href":"https:\/\/www.sudoestehoje.com.br\/novoportal\/wp-json\/wp\/v2\/posts\/30790\/revisions\/30795"}],"wp:attachment":[{"href":"https:\/\/www.sudoestehoje.com.br\/novoportal\/wp-json\/wp\/v2\/media?parent=30790"}],"wp:term":[{"taxonomy":"category","embeddable":true,"href":"https:\/\/www.sudoestehoje.com.br\/novoportal\/wp-json\/wp\/v2\/categories?post=30790"},{"taxonomy":"post_tag","embeddable":true,"href":"https:\/\/www.sudoestehoje.com.br\/novoportal\/wp-json\/wp\/v2\/tags?post=30790"}],"curies":[{"name":"wp","href":"https:\/\/api.w.org\/{rel}","templated":true}]}}