
{"id":30775,"date":"2013-09-24T23:25:59","date_gmt":"2013-09-25T02:25:59","guid":{"rendered":"http:\/\/www.sudoestehoje.com.br\/novoportal\/?p=30775"},"modified":"2013-09-24T23:25:59","modified_gmt":"2013-09-25T02:25:59","slug":"ser-vaqueiro-agora-e-profissao","status":"publish","type":"post","link":"https:\/\/www.sudoestehoje.com.br\/novoportal\/2013\/09\/24\/ser-vaqueiro-agora-e-profissao\/","title":{"rendered":"SER VAQUEIRO AGORA \u00c9 PROFISS\u00c3O"},"content":{"rendered":"<p><a href=\"http:\/\/www.sudoestehoje.com.br\/novoportal\/wp-content\/uploads\/2013\/09\/vaqueiro2.jpg\"><img loading=\"lazy\" decoding=\"async\" class=\"aligncenter size-full wp-image-30776\" alt=\"vaqueiro2\" src=\"http:\/\/www.sudoestehoje.com.br\/novoportal\/wp-content\/uploads\/2013\/09\/vaqueiro2.jpg\" width=\"500\" height=\"338\" \/><\/a><\/p>\n<p>O Senado aprovou o Projeto de Lei da C\u00e2mara (PLC) 83\/2011, que reconhece e regulamenta a profiss\u00e3o. A proposta, que entrou na pauta em car\u00e1ter de urg\u00eancia, a pedido dos l\u00edderes partid\u00e1rios, define o profissional como respons\u00e1vel pelo trato, manejo e condu\u00e7\u00e3o de animais, a exemplo de bois, b\u00fafalos, cavalos, mulas, cabras e ovelhas.\u00a0Filho de vaqueiro, o senador baiano Jo\u00e3o Durval (PDT) votou favoravelmente ao projeto e elogiou a mobiliza\u00e7\u00e3o dos vaqueiros de todo o pa\u00eds que foram a Bras\u00edlia e lotaram a Tribuna de Honra e as galerias do plen\u00e1rio.<\/p>\n<p>A mat\u00e9ria prev\u00ea a obrigatoriedade da inclus\u00e3o de seguro de vida e de acidentes em favor do vaqueiro nos contratos de servi\u00e7o ou de emprego. Tal seguro deve compreender indeniza\u00e7\u00f5es por morte ou invalidez permanente, bem como ressarcimento de despesas m\u00e9dicas e hospitalares decorrentes de eventuais acidentes ou doen\u00e7as laborais que o vaqueiro sofrer durante sua jornada de trabalho, independentemente da dura\u00e7\u00e3o da eventual interna\u00e7\u00e3o, dos medicamentos e das terapias que assim se fizerem necess\u00e1rios. O projeto segue para san\u00e7\u00e3o da presidente Dilma Rousseff. BN<\/p>\n","protected":false},"excerpt":{"rendered":"<p>O Senado aprovou o Projeto de Lei da C\u00e2mara (PLC) 83\/2011, que reconhece e regulamenta a profiss\u00e3o. A proposta, que entrou na pauta em car\u00e1ter de urg\u00eancia, a pedido dos l\u00edderes partid\u00e1rios, define o profissional como respons\u00e1vel pelo trato, manejo e condu\u00e7\u00e3o de animais, a exemplo de bois, b\u00fafalos, cavalos, mulas, cabras e ovelhas.\u00a0Filho de [&hellip;]<\/p>\n","protected":false},"author":2,"featured_media":0,"comment_status":"open","ping_status":"open","sticky":false,"template":"","format":"standard","meta":{"footnotes":"","_links_to":"","_links_to_target":""},"categories":[1],"tags":[],"class_list":["post-30775","post","type-post","status-publish","format-standard","hentry","category-geral"],"views":2905,"_links":{"self":[{"href":"https:\/\/www.sudoestehoje.com.br\/novoportal\/wp-json\/wp\/v2\/posts\/30775","targetHints":{"allow":["GET"]}}],"collection":[{"href":"https:\/\/www.sudoestehoje.com.br\/novoportal\/wp-json\/wp\/v2\/posts"}],"about":[{"href":"https:\/\/www.sudoestehoje.com.br\/novoportal\/wp-json\/wp\/v2\/types\/post"}],"author":[{"embeddable":true,"href":"https:\/\/www.sudoestehoje.com.br\/novoportal\/wp-json\/wp\/v2\/users\/2"}],"replies":[{"embeddable":true,"href":"https:\/\/www.sudoestehoje.com.br\/novoportal\/wp-json\/wp\/v2\/comments?post=30775"}],"version-history":[{"count":1,"href":"https:\/\/www.sudoestehoje.com.br\/novoportal\/wp-json\/wp\/v2\/posts\/30775\/revisions"}],"predecessor-version":[{"id":30777,"href":"https:\/\/www.sudoestehoje.com.br\/novoportal\/wp-json\/wp\/v2\/posts\/30775\/revisions\/30777"}],"wp:attachment":[{"href":"https:\/\/www.sudoestehoje.com.br\/novoportal\/wp-json\/wp\/v2\/media?parent=30775"}],"wp:term":[{"taxonomy":"category","embeddable":true,"href":"https:\/\/www.sudoestehoje.com.br\/novoportal\/wp-json\/wp\/v2\/categories?post=30775"},{"taxonomy":"post_tag","embeddable":true,"href":"https:\/\/www.sudoestehoje.com.br\/novoportal\/wp-json\/wp\/v2\/tags?post=30775"}],"curies":[{"name":"wp","href":"https:\/\/api.w.org\/{rel}","templated":true}]}}