
{"id":30741,"date":"2013-09-24T09:11:27","date_gmt":"2013-09-24T12:11:27","guid":{"rendered":"http:\/\/www.sudoestehoje.com.br\/novoportal\/?p=30741"},"modified":"2013-09-24T09:11:27","modified_gmt":"2013-09-24T12:11:27","slug":"funcionario-da-matinha-da-puxao-de-orelha-no-chefe-do-executivo","status":"publish","type":"post","link":"https:\/\/www.sudoestehoje.com.br\/novoportal\/2013\/09\/24\/funcionario-da-matinha-da-puxao-de-orelha-no-chefe-do-executivo\/","title":{"rendered":"FUNCION\u00c1RIO DA MATINHA D\u00c1 &#8220;PUX\u00c3O DE ORELHA&#8221; NO CHEFE DO EXECUTIVO"},"content":{"rendered":"<p>&nbsp;<\/p>\n<div id=\"attachment_30743\" style=\"width: 510px\" class=\"wp-caption aligncenter\"><a href=\"http:\/\/www.sudoestehoje.com.br\/novoportal\/wp-content\/uploads\/2013\/09\/SIZINIO-NETO.jpg\"><img loading=\"lazy\" decoding=\"async\" aria-describedby=\"caption-attachment-30743\" class=\"size-medium wp-image-30743\" alt=\"O radialista Sizinio Neto trabalhando na fun\u00e7\u00e3o de pedreiro no Parque da Matinha. Foto Facebook\" src=\"http:\/\/www.sudoestehoje.com.br\/novoportal\/wp-content\/uploads\/2013\/09\/SIZINIO-NETO-500x375.jpg\" width=\"500\" height=\"375\" srcset=\"https:\/\/www.sudoestehoje.com.br\/novoportal\/wp-content\/uploads\/2013\/09\/SIZINIO-NETO-500x375.jpg 500w, https:\/\/www.sudoestehoje.com.br\/novoportal\/wp-content\/uploads\/2013\/09\/SIZINIO-NETO-700x525.jpg 700w, https:\/\/www.sudoestehoje.com.br\/novoportal\/wp-content\/uploads\/2013\/09\/SIZINIO-NETO.jpg 960w\" sizes=\"auto, (max-width: 500px) 100vw, 500px\" \/><\/a><p id=\"caption-attachment-30743\" class=\"wp-caption-text\">O radialista Sizinio Neto trabalhando na fun\u00e7\u00e3o de pedreiro, no Parque da Matinha. Foto Facebook<\/p><\/div>\n<p>ITAPETINGA: Atrav\u00e9s do seu Facebook, o servidor municipal Siz\u00ednio Neto postou fotos da &#8216;reforma&#8217; da Matinha e fez o seguinte coment\u00e1rio, chamando \u00e0 responsabilidade o Chefe do Executivo municipal, que segundo ele, n\u00e3o vem se empenhando para reformar o Parque:<\/p>\n<p><em>\u201cSizinio Neto metendo a m\u00e3o na massa na reforma do parque da matinha, trabalhando na \u00e1rea da quarentena e zona-extra. Os funcion\u00e1rios do Parque da Matinha s\u00e3o pessoas destemidas e abra\u00e7aram a causa, participando ativamente do processo de reforma. Resta t\u00e3o somente a Prefeitura de Itapetinga nos dar condi\u00e7\u00e3o de trabalhar e n\u00e3o parar o que j\u00e1 vem sendo realizado, mesmo com muita dificuldade. Precisamos de material de constru\u00e7\u00e3o para concluirmos a reforma e dotarmos o parque de condi\u00e7\u00f5es de reabertura por parte do Ibama. \u00c9 necess\u00e1rio haver empenho, boa vontade e pensar no parque como patrim\u00f4nio hist\u00f3rico do nosso munic\u00edpio. Deixar de lado a politicagem e investir no parque para o bem nos nossos mun\u00edcipes&#8230; eu estou fazendo a minha parte, os funcion\u00e1rios do parque tamb\u00e9m est\u00e3o fazendo sua parte, o secret\u00e1rio Carlos Le\u00f4ncio tem feito a sua, mas o poder p\u00fablico tem deixado a desejar&#8230; n\u00e3o vemos empenho do executivo em reformar o parque, abrir m\u00e3o da verba para reformar conforme solicita o Ibama. Estamos fazendo milagre sem material&#8230; com a palavra&#8230; as autoridades de Itapetinga. ass: Sizinio Neto\u201d.<\/em><\/p>\n<p>Siz\u00ednio Neto, que \u00e9 radialista por forma\u00e7\u00e3o, agora trabalha como pedreiro, na Secretaria Municipal do Meio Ambiente.<\/p>\n<p><strong><em>Sudoeste Hoje<\/em><\/strong><\/p>\n","protected":false},"excerpt":{"rendered":"<p>&nbsp; ITAPETINGA: Atrav\u00e9s do seu Facebook, o servidor municipal Siz\u00ednio Neto postou fotos da &#8216;reforma&#8217; da Matinha e fez o seguinte coment\u00e1rio, chamando \u00e0 responsabilidade o Chefe do Executivo municipal, que segundo ele, n\u00e3o vem se empenhando para reformar o Parque: \u201cSizinio Neto metendo a m\u00e3o na massa na reforma do parque da matinha, trabalhando [&hellip;]<\/p>\n","protected":false},"author":2,"featured_media":0,"comment_status":"open","ping_status":"open","sticky":false,"template":"","format":"standard","meta":{"footnotes":"","_links_to":"","_links_to_target":""},"categories":[1],"tags":[],"class_list":["post-30741","post","type-post","status-publish","format-standard","hentry","category-geral"],"views":2732,"_links":{"self":[{"href":"https:\/\/www.sudoestehoje.com.br\/novoportal\/wp-json\/wp\/v2\/posts\/30741","targetHints":{"allow":["GET"]}}],"collection":[{"href":"https:\/\/www.sudoestehoje.com.br\/novoportal\/wp-json\/wp\/v2\/posts"}],"about":[{"href":"https:\/\/www.sudoestehoje.com.br\/novoportal\/wp-json\/wp\/v2\/types\/post"}],"author":[{"embeddable":true,"href":"https:\/\/www.sudoestehoje.com.br\/novoportal\/wp-json\/wp\/v2\/users\/2"}],"replies":[{"embeddable":true,"href":"https:\/\/www.sudoestehoje.com.br\/novoportal\/wp-json\/wp\/v2\/comments?post=30741"}],"version-history":[{"count":2,"href":"https:\/\/www.sudoestehoje.com.br\/novoportal\/wp-json\/wp\/v2\/posts\/30741\/revisions"}],"predecessor-version":[{"id":30744,"href":"https:\/\/www.sudoestehoje.com.br\/novoportal\/wp-json\/wp\/v2\/posts\/30741\/revisions\/30744"}],"wp:attachment":[{"href":"https:\/\/www.sudoestehoje.com.br\/novoportal\/wp-json\/wp\/v2\/media?parent=30741"}],"wp:term":[{"taxonomy":"category","embeddable":true,"href":"https:\/\/www.sudoestehoje.com.br\/novoportal\/wp-json\/wp\/v2\/categories?post=30741"},{"taxonomy":"post_tag","embeddable":true,"href":"https:\/\/www.sudoestehoje.com.br\/novoportal\/wp-json\/wp\/v2\/tags?post=30741"}],"curies":[{"name":"wp","href":"https:\/\/api.w.org\/{rel}","templated":true}]}}