
{"id":30736,"date":"2013-09-24T01:29:01","date_gmt":"2013-09-24T04:29:01","guid":{"rendered":"http:\/\/www.sudoestehoje.com.br\/novoportal\/?p=30736"},"modified":"2013-09-24T01:29:51","modified_gmt":"2013-09-24T04:29:51","slug":"jose-dirceu-ataca-dilma-e-elogia-eduardo-campos","status":"publish","type":"post","link":"https:\/\/www.sudoestehoje.com.br\/novoportal\/2013\/09\/24\/jose-dirceu-ataca-dilma-e-elogia-eduardo-campos\/","title":{"rendered":"JOS\u00c9 DIRCEU ATACA DILMA E ELOGIA EDUARDO CAMPOS"},"content":{"rendered":"<p style=\"text-align: center;\"><a href=\"http:\/\/www.sudoestehoje.com.br\/novoportal\/wp-content\/uploads\/2013\/09\/ze-e-dilma.jpg\"><img decoding=\"async\" class=\"aligncenter  wp-image-30737\" alt=\"ze-e-dilma\" src=\"http:\/\/www.sudoestehoje.com.br\/novoportal\/wp-content\/uploads\/2013\/09\/ze-e-dilma-500x368.jpg\" width=\"450\" srcset=\"https:\/\/www.sudoestehoje.com.br\/novoportal\/wp-content\/uploads\/2013\/09\/ze-e-dilma-500x368.jpg 500w, https:\/\/www.sudoestehoje.com.br\/novoportal\/wp-content\/uploads\/2013\/09\/ze-e-dilma-700x516.jpg 700w, https:\/\/www.sudoestehoje.com.br\/novoportal\/wp-content\/uploads\/2013\/09\/ze-e-dilma.jpg 900w\" sizes=\"(max-width: 500px) 100vw, 500px\" \/><\/a><\/p>\n<p>Ex-ministro da Casa Civil do governo Lula e mais influente dirigente do PT depois do ex-presidente, Jos\u00e9 Dirceu j\u00e1 n\u00e3o esconde sua avers\u00e3o \u00e0 presidenta Dilma, a quem chamou de \u201cincompetente\u201d e \u201cdesastrada\u201d, diante de uma dezena de convidados para um almo\u00e7o que lhe foi oferecido na sexta (20), em Bras\u00edlia. Curiosamente, na mesma ocasi\u00e3o, ele fez elogios rasgados ao presidenci\u00e1vel Eduardo Campos (PSB).<\/p>\n<p>O grupo de Jos\u00e9 Dirceu sonha com o retorno do ex-presidente Lula ao governo, mas prefere Eduardo Campos a apoiar a reelei\u00e7\u00e3o de Dilma.<\/p>\n<p>Quando destaca o despreparo de Dilma, Jos\u00e9 Dirceu cita o contraponto do talento pol\u00edtico do governador de Pernambuco: \u201cQuanta diferen\u00e7a!\u201d<\/p>\n<p>Pessimistas, Jos\u00e9 Dirceu acha que Dilma n\u00e3o tem compet\u00eancia para se recuperar da queda vertiginosa nas pesquisas, ap\u00f3s as manifesta\u00e7\u00f5es.<\/p>\n<p>Dirceu sobe nas tamancas quando lembra a declara\u00e7\u00e3o de Dilma pelo fim do julgamento do mensal\u00e3o, para \u201cn\u00e3o contaminar\u201d sua campanha.<\/p>\n","protected":false},"excerpt":{"rendered":"<p>Ex-ministro da Casa Civil do governo Lula e mais influente dirigente do PT depois do ex-presidente, Jos\u00e9 Dirceu j\u00e1 n\u00e3o esconde sua avers\u00e3o \u00e0 presidenta Dilma, a quem chamou de \u201cincompetente\u201d e \u201cdesastrada\u201d, diante de uma dezena de convidados para um almo\u00e7o que lhe foi oferecido na sexta (20), em Bras\u00edlia. Curiosamente, na mesma ocasi\u00e3o, [&hellip;]<\/p>\n","protected":false},"author":2,"featured_media":0,"comment_status":"open","ping_status":"open","sticky":false,"template":"","format":"standard","meta":{"footnotes":"","_links_to":"","_links_to_target":""},"categories":[1],"tags":[],"class_list":["post-30736","post","type-post","status-publish","format-standard","hentry","category-geral"],"views":1510,"_links":{"self":[{"href":"https:\/\/www.sudoestehoje.com.br\/novoportal\/wp-json\/wp\/v2\/posts\/30736","targetHints":{"allow":["GET"]}}],"collection":[{"href":"https:\/\/www.sudoestehoje.com.br\/novoportal\/wp-json\/wp\/v2\/posts"}],"about":[{"href":"https:\/\/www.sudoestehoje.com.br\/novoportal\/wp-json\/wp\/v2\/types\/post"}],"author":[{"embeddable":true,"href":"https:\/\/www.sudoestehoje.com.br\/novoportal\/wp-json\/wp\/v2\/users\/2"}],"replies":[{"embeddable":true,"href":"https:\/\/www.sudoestehoje.com.br\/novoportal\/wp-json\/wp\/v2\/comments?post=30736"}],"version-history":[{"count":2,"href":"https:\/\/www.sudoestehoje.com.br\/novoportal\/wp-json\/wp\/v2\/posts\/30736\/revisions"}],"predecessor-version":[{"id":30739,"href":"https:\/\/www.sudoestehoje.com.br\/novoportal\/wp-json\/wp\/v2\/posts\/30736\/revisions\/30739"}],"wp:attachment":[{"href":"https:\/\/www.sudoestehoje.com.br\/novoportal\/wp-json\/wp\/v2\/media?parent=30736"}],"wp:term":[{"taxonomy":"category","embeddable":true,"href":"https:\/\/www.sudoestehoje.com.br\/novoportal\/wp-json\/wp\/v2\/categories?post=30736"},{"taxonomy":"post_tag","embeddable":true,"href":"https:\/\/www.sudoestehoje.com.br\/novoportal\/wp-json\/wp\/v2\/tags?post=30736"}],"curies":[{"name":"wp","href":"https:\/\/api.w.org\/{rel}","templated":true}]}}