
{"id":30717,"date":"2013-09-23T16:44:57","date_gmt":"2013-09-23T19:44:57","guid":{"rendered":"http:\/\/www.sudoestehoje.com.br\/novoportal\/?p=30717"},"modified":"2013-09-23T22:57:01","modified_gmt":"2013-09-24T01:57:01","slug":"fumaca-de-queimada-causa-acidente-com-7-veiculos-entre-itapetinga-e-itororo","status":"publish","type":"post","link":"https:\/\/www.sudoestehoje.com.br\/novoportal\/2013\/09\/23\/fumaca-de-queimada-causa-acidente-com-7-veiculos-entre-itapetinga-e-itororo\/","title":{"rendered":"QUEIMADA CAUSA ACIDENTE COM 7 VE\u00cdCULOS ENTRE ITAPETINGA E ITOROR\u00d3"},"content":{"rendered":"<p><a href=\"http:\/\/www.sudoestehoje.com.br\/novoportal\/wp-content\/uploads\/2013\/09\/ACID-7.jpg\"><img loading=\"lazy\" decoding=\"async\" class=\"aligncenter size-medium wp-image-30718\" alt=\"ACID 7\" src=\"http:\/\/www.sudoestehoje.com.br\/novoportal\/wp-content\/uploads\/2013\/09\/ACID-7-500x281.jpg\" width=\"500\" height=\"281\" srcset=\"https:\/\/www.sudoestehoje.com.br\/novoportal\/wp-content\/uploads\/2013\/09\/ACID-7-500x281.jpg 500w, https:\/\/www.sudoestehoje.com.br\/novoportal\/wp-content\/uploads\/2013\/09\/ACID-7-700x394.jpg 700w, https:\/\/www.sudoestehoje.com.br\/novoportal\/wp-content\/uploads\/2013\/09\/ACID-7.jpg 960w\" sizes=\"auto, (max-width: 500px) 100vw, 500px\" \/><\/a><\/p>\n<p>A fuma\u00e7a de uma queimada em uma mata e pastagem nas margens da BA-263, entre Itapetinga e Itoror\u00f3, no trecho pr\u00f3ximo ao Calc\u00e1rio Deil,\u00a0provocou dois acidentes envolvendo sete ve\u00edculos, na manh\u00e3 desta segunda-feira (23). A equipe do Itoror\u00f3 News esteve no local e verificou que o motorista de uma Kombi, Walter Alves Moreira,\u00a0ficou gravemente ferido e foi socorrido por uma unidade do Samu 192 e levado para do HCR em Itapetinga, de onde foi encaminhado para um hospital em Vit\u00f3ria da Conquista. A pista precisou ser parcialmente interditada.<\/p>\n<p><a href=\"http:\/\/www.sudoestehoje.com.br\/novoportal\/wp-content\/uploads\/2013\/09\/ACID-1.jpg\"><img loading=\"lazy\" decoding=\"async\" class=\"aligncenter size-medium wp-image-30719\" alt=\"ACID 1\" src=\"http:\/\/www.sudoestehoje.com.br\/novoportal\/wp-content\/uploads\/2013\/09\/ACID-1-500x281.jpg\" width=\"500\" height=\"281\" srcset=\"https:\/\/www.sudoestehoje.com.br\/novoportal\/wp-content\/uploads\/2013\/09\/ACID-1-500x281.jpg 500w, https:\/\/www.sudoestehoje.com.br\/novoportal\/wp-content\/uploads\/2013\/09\/ACID-1-700x394.jpg 700w, https:\/\/www.sudoestehoje.com.br\/novoportal\/wp-content\/uploads\/2013\/09\/ACID-1.jpg 960w\" sizes=\"auto, (max-width: 500px) 100vw, 500px\" \/><\/a><\/p>\n<p>Uma carreta que seguia em dire\u00e7\u00e3o a Itoror\u00f3, precisou reduzir a velocidade por causa da fuma\u00e7a \u00e0s margens da pista, o que dificultou a visibilidade dos outros motoristas. V\u00e1rios carros que vinham em seguida, n\u00e3o perceberam a manobra e bateram nas traseiras um do outro, formando um engavetamento.<\/p>\n<p>Confira mais fotos:<!--more--><\/p>\n<p><img decoding=\"async\" class=\"aligncenter\" alt=\"\" src=\"https:\/\/fbcdn-sphotos-f-a.akamaihd.net\/hphotos-ak-frc3\/1375783_209938355841164_822967240_n.jpg\" width=\"500\" \/><\/p>\n<p><img decoding=\"async\" class=\"aligncenter\" alt=\"\" src=\"https:\/\/fbcdn-sphotos-h-a.akamaihd.net\/hphotos-ak-ash3\/561519_209938472507819_1963221573_n.jpg\" width=\"500\" \/><\/p>\n<p><img decoding=\"async\" class=\"aligncenter\" alt=\"\" src=\"https:\/\/fbcdn-sphotos-b-a.akamaihd.net\/hphotos-ak-prn2\/1240065_209938515841148_1519024034_n.jpg\" width=\"500\" \/><\/p>\n<p><img decoding=\"async\" class=\"aligncenter\" alt=\"\" src=\"https:\/\/fbcdn-sphotos-b-a.akamaihd.net\/hphotos-ak-ash3\/544581_209938115841188_409817889_n.jpg\" width=\"500\" \/><\/p>\n<p><img decoding=\"async\" class=\"aligncenter\" alt=\"\" src=\"https:\/\/fbcdn-sphotos-f-a.akamaihd.net\/hphotos-ak-prn1\/1236021_209938182507848_1219977263_n.jpg\" width=\"500\" \/><\/p>\n<p><img decoding=\"async\" class=\"aligncenter\" alt=\"\" src=\"https:\/\/fbcdn-sphotos-g-a.akamaihd.net\/hphotos-ak-ash3\/994626_209938232507843_706544798_n.jpg\" width=\"500\" \/><\/p>\n<p>&nbsp;<\/p>\n","protected":false},"excerpt":{"rendered":"<p>A fuma\u00e7a de uma queimada em uma mata e pastagem nas margens da BA-263, entre Itapetinga e Itoror\u00f3, no trecho pr\u00f3ximo ao Calc\u00e1rio Deil,\u00a0provocou dois acidentes envolvendo sete ve\u00edculos, na manh\u00e3 desta segunda-feira (23). A equipe do Itoror\u00f3 News esteve no local e verificou que o motorista de uma Kombi, Walter Alves Moreira,\u00a0ficou gravemente ferido [&hellip;]<\/p>\n","protected":false},"author":2,"featured_media":0,"comment_status":"open","ping_status":"open","sticky":false,"template":"","format":"standard","meta":{"footnotes":"","_links_to":"","_links_to_target":""},"categories":[1],"tags":[],"class_list":["post-30717","post","type-post","status-publish","format-standard","hentry","category-geral"],"views":2460,"_links":{"self":[{"href":"https:\/\/www.sudoestehoje.com.br\/novoportal\/wp-json\/wp\/v2\/posts\/30717","targetHints":{"allow":["GET"]}}],"collection":[{"href":"https:\/\/www.sudoestehoje.com.br\/novoportal\/wp-json\/wp\/v2\/posts"}],"about":[{"href":"https:\/\/www.sudoestehoje.com.br\/novoportal\/wp-json\/wp\/v2\/types\/post"}],"author":[{"embeddable":true,"href":"https:\/\/www.sudoestehoje.com.br\/novoportal\/wp-json\/wp\/v2\/users\/2"}],"replies":[{"embeddable":true,"href":"https:\/\/www.sudoestehoje.com.br\/novoportal\/wp-json\/wp\/v2\/comments?post=30717"}],"version-history":[{"count":8,"href":"https:\/\/www.sudoestehoje.com.br\/novoportal\/wp-json\/wp\/v2\/posts\/30717\/revisions"}],"predecessor-version":[{"id":30735,"href":"https:\/\/www.sudoestehoje.com.br\/novoportal\/wp-json\/wp\/v2\/posts\/30717\/revisions\/30735"}],"wp:attachment":[{"href":"https:\/\/www.sudoestehoje.com.br\/novoportal\/wp-json\/wp\/v2\/media?parent=30717"}],"wp:term":[{"taxonomy":"category","embeddable":true,"href":"https:\/\/www.sudoestehoje.com.br\/novoportal\/wp-json\/wp\/v2\/categories?post=30717"},{"taxonomy":"post_tag","embeddable":true,"href":"https:\/\/www.sudoestehoje.com.br\/novoportal\/wp-json\/wp\/v2\/tags?post=30717"}],"curies":[{"name":"wp","href":"https:\/\/api.w.org\/{rel}","templated":true}]}}