
{"id":30713,"date":"2013-09-23T11:57:32","date_gmt":"2013-09-23T14:57:32","guid":{"rendered":"http:\/\/www.sudoestehoje.com.br\/novoportal\/?p=30713"},"modified":"2013-09-23T11:57:32","modified_gmt":"2013-09-23T14:57:32","slug":"personalidades-vestem-a-camisa-do-dia-do-bem-subwayfundacao-jose-silveira","status":"publish","type":"post","link":"https:\/\/www.sudoestehoje.com.br\/novoportal\/2013\/09\/23\/personalidades-vestem-a-camisa-do-dia-do-bem-subwayfundacao-jose-silveira\/","title":{"rendered":"PERSONALIDADES VESTEM A CAMISA DO DIA DO BEM SUBWAY\/FUNDA\u00c7\u00c3O JOS\u00c9 SILVEIRA"},"content":{"rendered":"<p><a href=\"http:\/\/www.sudoestehoje.com.br\/novoportal\/wp-content\/uploads\/2013\/09\/Campanha_Subway_J\u00fanior-Cigano.jpg\"><img loading=\"lazy\" decoding=\"async\" class=\"aligncenter size-medium wp-image-30714\" alt=\"Campanha_Subway_J\u00fanior-Cigano\" src=\"http:\/\/www.sudoestehoje.com.br\/novoportal\/wp-content\/uploads\/2013\/09\/Campanha_Subway_J\u00fanior-Cigano-500x365.jpg\" width=\"500\" height=\"365\" srcset=\"https:\/\/www.sudoestehoje.com.br\/novoportal\/wp-content\/uploads\/2013\/09\/Campanha_Subway_J\u00fanior-Cigano-500x365.jpg 500w, https:\/\/www.sudoestehoje.com.br\/novoportal\/wp-content\/uploads\/2013\/09\/Campanha_Subway_J\u00fanior-Cigano.jpg 640w\" sizes=\"auto, (max-width: 500px) 100vw, 500px\" \/><\/a><\/p>\n<p>Personalidades consagradas como Junior Cigano, Armandinho, Durval L\u00e9lis, Ricardo Chaves, Manno G\u00f3es, Tatau, Levi Lima, Gilmel\u00e2ndia, Luis Caldas, Zelito Miranda e Bel Borba vestiram a camisa do bem. Eles cederam o uso da sua imagem em apoio \u00e0 divulga\u00e7\u00e3o do Dia do Bem Subway, campanha da rede de restaurantes SUBWAY\u00ae, na Bahia, formada por 107 unidades no estado.<\/p>\n<p>No dia Nacional de Luta das Pessoas com Defici\u00eancia, 21 de setembro, toda a venda do sandu\u00edche de frango ser\u00e1 revertida para as a\u00e7\u00f5es complementares de sa\u00fade que beneficiam pessoas com defici\u00eancias f\u00edsica e neurol\u00f3gica atendidas no IBR e no Centro Pestalozzi de Reabilita\u00e7\u00e3o, unidades da Funda\u00e7\u00e3o Jos\u00e9 Silveira (FJS). A iniciativa in\u00e9dita fortalecer\u00e1 os servi\u00e7os assistenciais prestados pelas duas institui\u00e7\u00f5es, em benef\u00edcio de quem mais precisa, com a oferta de atendimento multidisciplinar especializado e a\u00e7\u00f5es voltadas \u00e0 inclus\u00e3o social.<\/p>\n<p>A campanha pode ser conferida no portal da Funda\u00e7\u00e3o Jos\u00e9 Silveira \u2013 www.fjs.org.br \u2013 ou nas redes sociais.<\/p>\n","protected":false},"excerpt":{"rendered":"<p>Personalidades consagradas como Junior Cigano, Armandinho, Durval L\u00e9lis, Ricardo Chaves, Manno G\u00f3es, Tatau, Levi Lima, Gilmel\u00e2ndia, Luis Caldas, Zelito Miranda e Bel Borba vestiram a camisa do bem. Eles cederam o uso da sua imagem em apoio \u00e0 divulga\u00e7\u00e3o do Dia do Bem Subway, campanha da rede de restaurantes SUBWAY\u00ae, na Bahia, formada por 107 [&hellip;]<\/p>\n","protected":false},"author":2,"featured_media":0,"comment_status":"open","ping_status":"open","sticky":false,"template":"","format":"standard","meta":{"footnotes":"","_links_to":"","_links_to_target":""},"categories":[1],"tags":[],"class_list":["post-30713","post","type-post","status-publish","format-standard","hentry","category-geral"],"views":1320,"_links":{"self":[{"href":"https:\/\/www.sudoestehoje.com.br\/novoportal\/wp-json\/wp\/v2\/posts\/30713","targetHints":{"allow":["GET"]}}],"collection":[{"href":"https:\/\/www.sudoestehoje.com.br\/novoportal\/wp-json\/wp\/v2\/posts"}],"about":[{"href":"https:\/\/www.sudoestehoje.com.br\/novoportal\/wp-json\/wp\/v2\/types\/post"}],"author":[{"embeddable":true,"href":"https:\/\/www.sudoestehoje.com.br\/novoportal\/wp-json\/wp\/v2\/users\/2"}],"replies":[{"embeddable":true,"href":"https:\/\/www.sudoestehoje.com.br\/novoportal\/wp-json\/wp\/v2\/comments?post=30713"}],"version-history":[{"count":2,"href":"https:\/\/www.sudoestehoje.com.br\/novoportal\/wp-json\/wp\/v2\/posts\/30713\/revisions"}],"predecessor-version":[{"id":30716,"href":"https:\/\/www.sudoestehoje.com.br\/novoportal\/wp-json\/wp\/v2\/posts\/30713\/revisions\/30716"}],"wp:attachment":[{"href":"https:\/\/www.sudoestehoje.com.br\/novoportal\/wp-json\/wp\/v2\/media?parent=30713"}],"wp:term":[{"taxonomy":"category","embeddable":true,"href":"https:\/\/www.sudoestehoje.com.br\/novoportal\/wp-json\/wp\/v2\/categories?post=30713"},{"taxonomy":"post_tag","embeddable":true,"href":"https:\/\/www.sudoestehoje.com.br\/novoportal\/wp-json\/wp\/v2\/tags?post=30713"}],"curies":[{"name":"wp","href":"https:\/\/api.w.org\/{rel}","templated":true}]}}