
{"id":30694,"date":"2013-09-22T23:26:03","date_gmt":"2013-09-23T02:26:03","guid":{"rendered":"http:\/\/www.sudoestehoje.com.br\/novoportal\/?p=30694"},"modified":"2013-09-22T23:26:03","modified_gmt":"2013-09-23T02:26:03","slug":"prefeitura-de-itarantim-publica-edital-de-abertura-de-concurso-publico","status":"publish","type":"post","link":"https:\/\/www.sudoestehoje.com.br\/novoportal\/2013\/09\/22\/prefeitura-de-itarantim-publica-edital-de-abertura-de-concurso-publico\/","title":{"rendered":"PREFEITURA DE ITARANTIM PUBLICA EDITAL DE ABERTURA DE CONCURSO P\u00daBLICO"},"content":{"rendered":"<p><a href=\"http:\/\/www.sudoestehoje.com.br\/novoportal\/wp-content\/uploads\/2013\/09\/PREFEITURA-ITARANTIM.jpg\"><img loading=\"lazy\" decoding=\"async\" class=\"aligncenter size-full wp-image-30696\" alt=\"PREFEITURA ITARANTIM\" src=\"http:\/\/www.sudoestehoje.com.br\/novoportal\/wp-content\/uploads\/2013\/09\/PREFEITURA-ITARANTIM.jpg\" width=\"500\" height=\"375\" \/><\/a><\/p>\n<p>Est\u00e3o abertas as inscri\u00e7\u00f5es para o Concurso P\u00fablico a ser realizado pela Prefeitura Municipal de Itarantim, para provimento de cargos da administra\u00e7\u00e3o municipal. Segundo o Edital do Concurso, as inscri\u00e7\u00f5es dever\u00e3o ser realizadas entre os dias 23 de setembro a 04 de outubro de 2013, nos hor\u00e1rios das 08 \u00e0s 12h e das 14 \u00e0s 17:30h.<\/p>\n<p>As provas objetivas ser\u00e3o realizadas no dia\u00a010 de novembro de 2013, \u00e0s 08h, com dura\u00e7\u00e3o de tr\u00eas horas corridas, em locais que ser\u00e3o previamente determinados e comunicados aos inscritos, mediante publica\u00e7\u00e3o de aviso no Di\u00e1rio Oficial do Munic\u00edpio de Itarantim, a ser afixado no mural de publica\u00e7\u00f5es da Prefeitura Municipal e divulgado no site \u00a0<a href=\"http:\/\/www.alphaconcursos.com.br\/\">www.alphaconcursos.com.br<\/a><\/p>\n<p><strong><em>\u00a0Ascom<\/em><\/strong><\/p>\n","protected":false},"excerpt":{"rendered":"<p>Est\u00e3o abertas as inscri\u00e7\u00f5es para o Concurso P\u00fablico a ser realizado pela Prefeitura Municipal de Itarantim, para provimento de cargos da administra\u00e7\u00e3o municipal. Segundo o Edital do Concurso, as inscri\u00e7\u00f5es dever\u00e3o ser realizadas entre os dias 23 de setembro a 04 de outubro de 2013, nos hor\u00e1rios das 08 \u00e0s 12h e das 14 \u00e0s [&hellip;]<\/p>\n","protected":false},"author":2,"featured_media":0,"comment_status":"open","ping_status":"open","sticky":false,"template":"","format":"standard","meta":{"footnotes":"","_links_to":"","_links_to_target":""},"categories":[1],"tags":[],"class_list":["post-30694","post","type-post","status-publish","format-standard","hentry","category-geral"],"views":1248,"_links":{"self":[{"href":"https:\/\/www.sudoestehoje.com.br\/novoportal\/wp-json\/wp\/v2\/posts\/30694","targetHints":{"allow":["GET"]}}],"collection":[{"href":"https:\/\/www.sudoestehoje.com.br\/novoportal\/wp-json\/wp\/v2\/posts"}],"about":[{"href":"https:\/\/www.sudoestehoje.com.br\/novoportal\/wp-json\/wp\/v2\/types\/post"}],"author":[{"embeddable":true,"href":"https:\/\/www.sudoestehoje.com.br\/novoportal\/wp-json\/wp\/v2\/users\/2"}],"replies":[{"embeddable":true,"href":"https:\/\/www.sudoestehoje.com.br\/novoportal\/wp-json\/wp\/v2\/comments?post=30694"}],"version-history":[{"count":2,"href":"https:\/\/www.sudoestehoje.com.br\/novoportal\/wp-json\/wp\/v2\/posts\/30694\/revisions"}],"predecessor-version":[{"id":30697,"href":"https:\/\/www.sudoestehoje.com.br\/novoportal\/wp-json\/wp\/v2\/posts\/30694\/revisions\/30697"}],"wp:attachment":[{"href":"https:\/\/www.sudoestehoje.com.br\/novoportal\/wp-json\/wp\/v2\/media?parent=30694"}],"wp:term":[{"taxonomy":"category","embeddable":true,"href":"https:\/\/www.sudoestehoje.com.br\/novoportal\/wp-json\/wp\/v2\/categories?post=30694"},{"taxonomy":"post_tag","embeddable":true,"href":"https:\/\/www.sudoestehoje.com.br\/novoportal\/wp-json\/wp\/v2\/tags?post=30694"}],"curies":[{"name":"wp","href":"https:\/\/api.w.org\/{rel}","templated":true}]}}