
{"id":30679,"date":"2013-09-22T10:58:33","date_gmt":"2013-09-22T13:58:33","guid":{"rendered":"http:\/\/www.sudoestehoje.com.br\/novoportal\/?p=30679"},"modified":"2013-09-22T11:00:25","modified_gmt":"2013-09-22T14:00:25","slug":"vereador-ze-roberto-propoe-criacao-do-programa-horta-nas-escolas","status":"publish","type":"post","link":"https:\/\/www.sudoestehoje.com.br\/novoportal\/2013\/09\/22\/vereador-ze-roberto-propoe-criacao-do-programa-horta-nas-escolas\/","title":{"rendered":"VEREADOR Z\u00c9 ROBERTO PROP\u00d5E CRIA\u00c7\u00c3O DO PROGRAMA \u201cHORTA NAS ESCOLAS\u201d"},"content":{"rendered":"<p style=\"text-align: center;\"><a href=\"http:\/\/www.sudoestehoje.com.br\/novoportal\/wp-content\/uploads\/2013\/09\/DSCF2777.jpg\"><img decoding=\"async\" class=\"aligncenter  wp-image-30681\" alt=\"DSCF2777\" src=\"http:\/\/www.sudoestehoje.com.br\/novoportal\/wp-content\/uploads\/2013\/09\/DSCF2777.jpg\" width=\"500\" \/><\/a><\/p>\n<p>ITAPETINGA: Atrav\u00e9s de projeto de lei de autoria do vereador Jos\u00e9 Roberto Menezes, j\u00e1 aprovado pela C\u00e2mara Municipal, as escolas da rede municipal poder\u00e3o adotar o programa &#8220;Horta nas Escolas&#8221;, \u00a0com os seguintes cujos objetivos:<\/p>\n<p>I-\u00a0\u00a0\u00a0\u00a0 Ter a horta como um laborat\u00f3rio vivo permitindo na visualiza\u00e7\u00e3o \u00e0 realiza\u00e7\u00e3o de pr\u00e1ticas que facilitam e estimulem o aprendizado;<\/p>\n<p>II-\u00a0\u00a0\u00a0 Promover envolvimento e responsabilidade perante a unidade escolar;<\/p>\n<p>III- \u00a0Sensibilizar e conscientizar os alunos quanto \u00e0 import\u00e2ncia de n\u00e3o usar agrot\u00f3xicos e outros produtos que podem ser prejudiciais \u00e0 sa\u00fade no cultivo de hortali\u00e7as. Al\u00e9m de mudar os h\u00e1bitos alimentares, agregando frutas, verduras e legumes na alimenta\u00e7\u00e3o do dia a dia;<\/p>\n<p>IV- Incentivar o respeito \u00e0 Natureza e seus ciclos naturais atrav\u00e9s do contato direto com a terra, ensinando-os os valores nutricional, terap\u00eautico e funcional dos vegetais na alimenta\u00e7\u00e3o.<\/p>\n<p>De acordo com o texto aprovado, os alimentos cultivados na horta ser\u00e3o destinados ao pr\u00f3prio estabelecimento de ensino, fazendo parte do card\u00e1pio da merenda escolar dos alunos, que trabalhar\u00e3o no plantio e colheita, nos respectivos turnos de aula, sob a supervis\u00e3o de professores e da pr\u00f3pria dire\u00e7\u00e3o da escola.<\/p>\n<p>O projeto aguarda san\u00e7\u00e3o do prefeito, para entrar em vigor no pr\u00f3ximo ano letivo.<\/p>\n<p>Confira \u00edntegra do Projeto:\u00a0<a href=\"http:\/\/www.sudoestehoje.com.br\/novoportal\/wp-content\/uploads\/2013\/09\/Projeto-de-Lei-Horta-na-Escola.doc\">Projeto de Lei Horta na Escola<\/a><\/p>\n<p><em>Ascom\u00a0<\/em><\/p>\n","protected":false},"excerpt":{"rendered":"<p>ITAPETINGA: Atrav\u00e9s de projeto de lei de autoria do vereador Jos\u00e9 Roberto Menezes, j\u00e1 aprovado pela C\u00e2mara Municipal, as escolas da rede municipal poder\u00e3o adotar o programa &#8220;Horta nas Escolas&#8221;, \u00a0com os seguintes cujos objetivos: I-\u00a0\u00a0\u00a0\u00a0 Ter a horta como um laborat\u00f3rio vivo permitindo na visualiza\u00e7\u00e3o \u00e0 realiza\u00e7\u00e3o de pr\u00e1ticas que facilitam e estimulem o [&hellip;]<\/p>\n","protected":false},"author":2,"featured_media":0,"comment_status":"open","ping_status":"open","sticky":false,"template":"","format":"standard","meta":{"footnotes":"","_links_to":"","_links_to_target":""},"categories":[1],"tags":[],"class_list":["post-30679","post","type-post","status-publish","format-standard","hentry","category-geral"],"views":1325,"_links":{"self":[{"href":"https:\/\/www.sudoestehoje.com.br\/novoportal\/wp-json\/wp\/v2\/posts\/30679","targetHints":{"allow":["GET"]}}],"collection":[{"href":"https:\/\/www.sudoestehoje.com.br\/novoportal\/wp-json\/wp\/v2\/posts"}],"about":[{"href":"https:\/\/www.sudoestehoje.com.br\/novoportal\/wp-json\/wp\/v2\/types\/post"}],"author":[{"embeddable":true,"href":"https:\/\/www.sudoestehoje.com.br\/novoportal\/wp-json\/wp\/v2\/users\/2"}],"replies":[{"embeddable":true,"href":"https:\/\/www.sudoestehoje.com.br\/novoportal\/wp-json\/wp\/v2\/comments?post=30679"}],"version-history":[{"count":4,"href":"https:\/\/www.sudoestehoje.com.br\/novoportal\/wp-json\/wp\/v2\/posts\/30679\/revisions"}],"predecessor-version":[{"id":30686,"href":"https:\/\/www.sudoestehoje.com.br\/novoportal\/wp-json\/wp\/v2\/posts\/30679\/revisions\/30686"}],"wp:attachment":[{"href":"https:\/\/www.sudoestehoje.com.br\/novoportal\/wp-json\/wp\/v2\/media?parent=30679"}],"wp:term":[{"taxonomy":"category","embeddable":true,"href":"https:\/\/www.sudoestehoje.com.br\/novoportal\/wp-json\/wp\/v2\/categories?post=30679"},{"taxonomy":"post_tag","embeddable":true,"href":"https:\/\/www.sudoestehoje.com.br\/novoportal\/wp-json\/wp\/v2\/tags?post=30679"}],"curies":[{"name":"wp","href":"https:\/\/api.w.org\/{rel}","templated":true}]}}