
{"id":30660,"date":"2013-09-21T23:35:16","date_gmt":"2013-09-22T02:35:16","guid":{"rendered":"http:\/\/www.sudoestehoje.com.br\/novoportal\/?p=30660"},"modified":"2013-09-21T23:36:05","modified_gmt":"2013-09-22T02:36:05","slug":"equipamentos-da-nova-fabrica-de-calcados-comecam-a-chegar-itororo","status":"publish","type":"post","link":"https:\/\/www.sudoestehoje.com.br\/novoportal\/2013\/09\/21\/equipamentos-da-nova-fabrica-de-calcados-comecam-a-chegar-itororo\/","title":{"rendered":"EQUIPAMENTOS DA NOVA F\u00c1BRICA DE CAL\u00c7ADOS COME\u00c7AM A CHEGAR EM ITOROR\u00d3"},"content":{"rendered":"<p style=\"text-align: center;\"><a href=\"http:\/\/www.sudoestehoje.com.br\/novoportal\/wp-content\/uploads\/2013\/09\/LIA.jpg\"><img decoding=\"async\" class=\"aligncenter  wp-image-30661\" alt=\"LIA\" src=\"http:\/\/www.sudoestehoje.com.br\/novoportal\/wp-content\/uploads\/2013\/09\/LIA.jpg\" width=\"500\" \/><\/a><\/p>\n<p>ITOROR\u00d3: No decorrer desta semana, come\u00e7aram a chegar as primeiras m\u00e1quinas da nova f\u00e1brica de cal\u00e7ados a LIA LINE, que ser\u00e1 instalada em Itoror\u00f3. Os equipamentos, vindos de Santa Catarina, foram entregues no galp\u00e3o da unidade, cuja produ\u00e7\u00e3o est\u00e1 prevista para iniciar em breve.\u00a0A montagem dos equipamentos ter\u00e1 in\u00edcio nas pr\u00f3ximas semanas, e a previs\u00e3o \u00e9 de que os testes comecem imediatamente e o pleno funcionamento da nova f\u00e1brica est\u00e1 previsto para o pr\u00f3ximo m\u00eas.<\/p>\n<p style=\"text-align: center;\"><a href=\"http:\/\/www.sudoestehoje.com.br\/novoportal\/wp-content\/uploads\/2013\/09\/LIA-1.jpg\"><img decoding=\"async\" class=\"aligncenter  wp-image-30662\" alt=\"LIA 1\" src=\"http:\/\/www.sudoestehoje.com.br\/novoportal\/wp-content\/uploads\/2013\/09\/LIA-1.jpg\" width=\"500\" \/><\/a><\/p>\n<p>Com a chagada das m\u00e1quinas na cidade, a &#8216;central do mau agouro&#8217;, que ainda apostavam no pior, teve que entregar os pontos, diante da chegada dos equipamentos. At\u00e9 os mais incr\u00e9dulos e pessimistas, deram o &#8220;bra\u00e7o a torcer&#8221;, depois do grande feito do prefeito Marco Brito e do deputado Sergio Brito, que trouxeram a fabrica para cidade.<\/p>\n<p style=\"text-align: center;\"><a href=\"http:\/\/www.sudoestehoje.com.br\/novoportal\/wp-content\/uploads\/2013\/09\/LIA-2.jpg\"><img decoding=\"async\" class=\"aligncenter  wp-image-30663\" alt=\"LIA 2\" src=\"http:\/\/www.sudoestehoje.com.br\/novoportal\/wp-content\/uploads\/2013\/09\/LIA-2.jpg\" width=\"500\" \/><\/a><\/p>\n<p>Resta agora aos inconformados, o fraco argumento de que quem trouxe a f\u00e1brica para Itoror\u00f3 foi Wagner, Rosemberg, Dr\u00f4&#8230;<\/p>\n<p>Com informa\u00e7\u00f5es do<em> Itoror\u00f3 News<\/em><\/p>\n","protected":false},"excerpt":{"rendered":"<p>ITOROR\u00d3: No decorrer desta semana, come\u00e7aram a chegar as primeiras m\u00e1quinas da nova f\u00e1brica de cal\u00e7ados a LIA LINE, que ser\u00e1 instalada em Itoror\u00f3. Os equipamentos, vindos de Santa Catarina, foram entregues no galp\u00e3o da unidade, cuja produ\u00e7\u00e3o est\u00e1 prevista para iniciar em breve.\u00a0A montagem dos equipamentos ter\u00e1 in\u00edcio nas pr\u00f3ximas semanas, e a previs\u00e3o [&hellip;]<\/p>\n","protected":false},"author":2,"featured_media":0,"comment_status":"open","ping_status":"open","sticky":false,"template":"","format":"standard","meta":{"footnotes":"","_links_to":"","_links_to_target":""},"categories":[1],"tags":[],"class_list":["post-30660","post","type-post","status-publish","format-standard","hentry","category-geral"],"views":2223,"_links":{"self":[{"href":"https:\/\/www.sudoestehoje.com.br\/novoportal\/wp-json\/wp\/v2\/posts\/30660","targetHints":{"allow":["GET"]}}],"collection":[{"href":"https:\/\/www.sudoestehoje.com.br\/novoportal\/wp-json\/wp\/v2\/posts"}],"about":[{"href":"https:\/\/www.sudoestehoje.com.br\/novoportal\/wp-json\/wp\/v2\/types\/post"}],"author":[{"embeddable":true,"href":"https:\/\/www.sudoestehoje.com.br\/novoportal\/wp-json\/wp\/v2\/users\/2"}],"replies":[{"embeddable":true,"href":"https:\/\/www.sudoestehoje.com.br\/novoportal\/wp-json\/wp\/v2\/comments?post=30660"}],"version-history":[{"count":6,"href":"https:\/\/www.sudoestehoje.com.br\/novoportal\/wp-json\/wp\/v2\/posts\/30660\/revisions"}],"predecessor-version":[{"id":30669,"href":"https:\/\/www.sudoestehoje.com.br\/novoportal\/wp-json\/wp\/v2\/posts\/30660\/revisions\/30669"}],"wp:attachment":[{"href":"https:\/\/www.sudoestehoje.com.br\/novoportal\/wp-json\/wp\/v2\/media?parent=30660"}],"wp:term":[{"taxonomy":"category","embeddable":true,"href":"https:\/\/www.sudoestehoje.com.br\/novoportal\/wp-json\/wp\/v2\/categories?post=30660"},{"taxonomy":"post_tag","embeddable":true,"href":"https:\/\/www.sudoestehoje.com.br\/novoportal\/wp-json\/wp\/v2\/tags?post=30660"}],"curies":[{"name":"wp","href":"https:\/\/api.w.org\/{rel}","templated":true}]}}