
{"id":30650,"date":"2013-09-21T13:23:15","date_gmt":"2013-09-21T16:23:15","guid":{"rendered":"http:\/\/www.sudoestehoje.com.br\/novoportal\/?p=30650"},"modified":"2013-09-21T13:23:15","modified_gmt":"2013-09-21T16:23:15","slug":"coerencia-e-fidelidade-politica","status":"publish","type":"post","link":"https:\/\/www.sudoestehoje.com.br\/novoportal\/2013\/09\/21\/coerencia-e-fidelidade-politica\/","title":{"rendered":"COER\u00caNCIA E FIDELIDADE POL\u00cdTICA"},"content":{"rendered":"<p><a href=\"http:\/\/www.sudoestehoje.com.br\/novoportal\/wp-content\/uploads\/2013\/09\/sandroRegis01.jpg\"><img loading=\"lazy\" decoding=\"async\" class=\"aligncenter size-full wp-image-30651\" alt=\"sandroRegis01\" src=\"http:\/\/www.sudoestehoje.com.br\/novoportal\/wp-content\/uploads\/2013\/09\/sandroRegis01.jpg\" width=\"450\" height=\"300\" \/><\/a><\/p>\n<p><strong>*Por Sandro R\u00e9gis<\/strong><\/p>\n<p>Quando fui eleito pelo Partido da Rep\u00fablica ( PR),\u00a0 a legenda fazia oposi\u00e7\u00e3o ao governo petista, e atualmente \u00e9 parte integrante da base governista. Como todos sabem, conquistei na justi\u00e7a o direito de desfilia\u00e7\u00e3o sem perda de mandato, amparado na resolu\u00e7\u00e3o 22.610 do TSE (Tribunal Superior Eleitoral), que admite a mudan\u00e7a de \u201cLegenda\u201d quando comprovada a modifica\u00e7\u00e3o no ide\u00e1rio pol\u00edtico-partid\u00e1rio.<\/p>\n<p>Para dar continuidade \u00e0 minha trajet\u00f3ria pol\u00edtica de oposi\u00e7\u00e3o com coer\u00eancia e seriedade, me filiarei ao partido Democratas no pr\u00f3ximo dia 03 de outubro. Sinto-me honrado por ser recebido pelo grupo que sempre apoiei desde que ingressei na pol\u00edtica, em 2002, quando tive Paulo Souto como\u00a0 meu candidato a governador do estado.<!--more--><\/p>\n<p>Se fui eleito como oposi\u00e7\u00e3o, \u00e9 porque meus eleitores querem um representante que ocupe esta posi\u00e7\u00e3o, sendo uma voz que aponte e denuncie os desmandos do atual Governo da Bahia. Recentemente, as cidades brasileiras foram tomadas por ondas de protestos, nos quais, a popula\u00e7\u00e3o cobrava exatamente isso de seus representantes: seriedade, fidelidade e coer\u00eancia.<\/p>\n<p>Ingressei na pol\u00edtica sendo eleito pelo Partido Liberal, que mais tarde, com a fus\u00e3o com o Prona, se transformou no Partido da Rep\u00fablica, e sempre estive ao lado do grupo pol\u00edtico respons\u00e1vel pelo momento \u00e1ureo vivido pela Bahia em um passado recente. Quem n\u00e3o sente saudade daquele tempo em que a Bahia era a locomotiva do Nordeste, com uma economia pulsante e uma pol\u00edtica forte, que n\u00e3o se submetia \u00e0s decis\u00f5es do Governo Federal?<\/p>\n<p>Este mesmo grupo, agora, faz parte do Democratas, e luta para devolver a Bahia ao local que ela merece no cen\u00e1rio nacional. Depois de praticamente sete anos de governo petista, as contas do Estado n\u00e3o fecham, empresas est\u00e3o indo \u00e0 fal\u00eancia e a viol\u00eancia s\u00f3 aumenta. A Bahia perdeu o seu lugar de destaque para Pernambuco, e Salvador perdeu o posto de capital nordestina mais procurada pelos turistas para Fortaleza.<\/p>\n<p>Um importante passo j\u00e1 foi dado com o objetivo de reerguer a Bahia, que foi a conquista da prefeitura da nossa capital. ACM Neto vem colocando ordem na casa, controlando gastos e realizando parcerias para fazer uma gest\u00e3o respons\u00e1vel e transparente. Estou certo de que ele conquistar\u00e1 a confian\u00e7a de toda a Bahia, ao mostrar uma nova forma de administrar, mais eficiente e democr\u00e1tica.<\/p>\n<p>Sendo assim, quero contribuir e juntar for\u00e7as para continuar a luta da bancada de oposi\u00e7\u00e3o na Assembleia Legislativa por uma Bahia melhor. Desta vez, n\u00e3o apenas ao lado, mas de m\u00e3os dadas com Paulo Souto, ACM Neto e tantos outros l\u00edderes baianos que travam batalhas di\u00e1rias em defesa dos interesses de nosso Estado.<\/p>\n<p><strong>*<\/strong><em>Artigo publicado no Jornal Tribuna da Bahia<\/em><\/p>\n","protected":false},"excerpt":{"rendered":"<p>*Por Sandro R\u00e9gis Quando fui eleito pelo Partido da Rep\u00fablica ( PR),\u00a0 a legenda fazia oposi\u00e7\u00e3o ao governo petista, e atualmente \u00e9 parte integrante da base governista. Como todos sabem, conquistei na justi\u00e7a o direito de desfilia\u00e7\u00e3o sem perda de mandato, amparado na resolu\u00e7\u00e3o 22.610 do TSE (Tribunal Superior Eleitoral), que admite a mudan\u00e7a de [&hellip;]<\/p>\n","protected":false},"author":2,"featured_media":0,"comment_status":"open","ping_status":"open","sticky":false,"template":"","format":"standard","meta":{"footnotes":"","_links_to":"","_links_to_target":""},"categories":[1],"tags":[],"class_list":["post-30650","post","type-post","status-publish","format-standard","hentry","category-geral"],"views":1341,"_links":{"self":[{"href":"https:\/\/www.sudoestehoje.com.br\/novoportal\/wp-json\/wp\/v2\/posts\/30650","targetHints":{"allow":["GET"]}}],"collection":[{"href":"https:\/\/www.sudoestehoje.com.br\/novoportal\/wp-json\/wp\/v2\/posts"}],"about":[{"href":"https:\/\/www.sudoestehoje.com.br\/novoportal\/wp-json\/wp\/v2\/types\/post"}],"author":[{"embeddable":true,"href":"https:\/\/www.sudoestehoje.com.br\/novoportal\/wp-json\/wp\/v2\/users\/2"}],"replies":[{"embeddable":true,"href":"https:\/\/www.sudoestehoje.com.br\/novoportal\/wp-json\/wp\/v2\/comments?post=30650"}],"version-history":[{"count":1,"href":"https:\/\/www.sudoestehoje.com.br\/novoportal\/wp-json\/wp\/v2\/posts\/30650\/revisions"}],"predecessor-version":[{"id":30652,"href":"https:\/\/www.sudoestehoje.com.br\/novoportal\/wp-json\/wp\/v2\/posts\/30650\/revisions\/30652"}],"wp:attachment":[{"href":"https:\/\/www.sudoestehoje.com.br\/novoportal\/wp-json\/wp\/v2\/media?parent=30650"}],"wp:term":[{"taxonomy":"category","embeddable":true,"href":"https:\/\/www.sudoestehoje.com.br\/novoportal\/wp-json\/wp\/v2\/categories?post=30650"},{"taxonomy":"post_tag","embeddable":true,"href":"https:\/\/www.sudoestehoje.com.br\/novoportal\/wp-json\/wp\/v2\/tags?post=30650"}],"curies":[{"name":"wp","href":"https:\/\/api.w.org\/{rel}","templated":true}]}}