
{"id":30585,"date":"2013-09-19T19:42:07","date_gmt":"2013-09-19T22:42:07","guid":{"rendered":"http:\/\/www.sudoestehoje.com.br\/novoportal\/?p=30585"},"modified":"2013-09-19T20:21:00","modified_gmt":"2013-09-19T23:21:00","slug":"promotor-junseira-e-transferido-para-vitoria-da-conquista","status":"publish","type":"post","link":"https:\/\/www.sudoestehoje.com.br\/novoportal\/2013\/09\/19\/promotor-junseira-e-transferido-para-vitoria-da-conquista\/","title":{"rendered":"PROMOTOR JUNSEIRA \u00c9 TRANSFERIDO PARA VIT\u00d3RIA DA CONQUISTA"},"content":{"rendered":"<div id=\"attachment_30586\" style=\"width: 510px\" class=\"wp-caption aligncenter\"><a href=\"http:\/\/www.sudoestehoje.com.br\/novoportal\/wp-content\/uploads\/2013\/09\/jun.jpg\"><img loading=\"lazy\" decoding=\"async\" aria-describedby=\"caption-attachment-30586\" class=\"size-medium wp-image-30586\" alt=\"Sa\u00edda de Junseira ser\u00e1 comemorada\" src=\"http:\/\/www.sudoestehoje.com.br\/novoportal\/wp-content\/uploads\/2013\/09\/jun-500x281.jpg\" width=\"500\" height=\"281\" srcset=\"https:\/\/www.sudoestehoje.com.br\/novoportal\/wp-content\/uploads\/2013\/09\/jun-500x281.jpg 500w, https:\/\/www.sudoestehoje.com.br\/novoportal\/wp-content\/uploads\/2013\/09\/jun-700x393.jpg 700w, https:\/\/www.sudoestehoje.com.br\/novoportal\/wp-content\/uploads\/2013\/09\/jun.jpg 1280w\" sizes=\"auto, (max-width: 500px) 100vw, 500px\" \/><\/a><p id=\"caption-attachment-30586\" class=\"wp-caption-text\">Atua\u00e7\u00e3o do promotor Junseira \u00a0vinha sendo questionada pela popula\u00e7\u00e3o de Itapetinga<\/p><\/div>\n<p>ITAPETINGA: Depois de v\u00e1rias tentativas, o promotor de justi\u00e7a Jos\u00e9 Junseira Almeida acabou conseguindo a sua remo\u00e7\u00e3o para a cidade de Vit\u00f3ria da Conquista, onde atuar\u00e1 na Vara do Juri. Segundo fontes ligadas ao MP local, a remo\u00e7\u00e3o do controvertido promotor foi assinada pelo Procurador do Minist\u00e9rio P\u00fablico do Estado, nesta quarta-feira, devendo ser publicada, ainda hoje, no Di\u00e1rio Oficial.<\/p>\n<p>A passagem do promotor Junseira por Itapetinga pode ser dividida em duas etapas: no in\u00edcio, um promotor atuante, intransigente e aparentemente dedicado \u00e0 causa p\u00fablica, mas que no decorrer do tempo acabou misturando quest\u00f5es pessoais com trabalho, desgastando a sua \u00a0pr\u00f3pria imagem e comprometendo a atua\u00e7\u00e3o do Minist\u00e9rio P\u00fablico na comarca.<\/p>\n<p>Nos \u00faltimos anos, o nome do promotor Junseira esteve sempre associado aos interesses da administra\u00e7\u00e3o municipal, gerando-lhe um desgaste desnecess\u00e1rio, o que tornou insustent\u00e1vel a sua perman\u00eancia em Itapetinga. De defensor do interesse p\u00fablico, passou a ser qualificado por muitos como um aut\u00eantico defensor do poder p\u00fablico, e devido envolvimento, e de sua esposa, com certos interesses ligados \u00e0 prefeitura, recebeu da popula\u00e7\u00e3o o t\u00edtulo <em>honoris causa<\/em> de &#8216;Engavetador Municipal&#8217;, sendo, inclusive, motivo de protestos e chacotas nas manifesta\u00e7\u00f5es populares, como as de 7 de setembro, no &#8216;Grito dos Exclu\u00eddos&#8217;.<\/p>\n<p>O seu desligamento da comarca traz um certo al\u00edvio aos cidad\u00e3os honrados de Itapetinga, que tanto clamam por uma justi\u00e7a atuante, isenta e rigorosa, contra as mazelas do poder.<\/p>\n<p>Que o &#8216;nobre&#8217; promotor suba o Mar\u00e7al em paz, e s\u00f3 retorne a passeio&#8230;<\/p>\n<p><strong><em>Por Davi Ferraz<\/em><\/strong><\/p>\n","protected":false},"excerpt":{"rendered":"<p>ITAPETINGA: Depois de v\u00e1rias tentativas, o promotor de justi\u00e7a Jos\u00e9 Junseira Almeida acabou conseguindo a sua remo\u00e7\u00e3o para a cidade de Vit\u00f3ria da Conquista, onde atuar\u00e1 na Vara do Juri. Segundo fontes ligadas ao MP local, a remo\u00e7\u00e3o do controvertido promotor foi assinada pelo Procurador do Minist\u00e9rio P\u00fablico do Estado, nesta quarta-feira, devendo ser publicada, [&hellip;]<\/p>\n","protected":false},"author":2,"featured_media":0,"comment_status":"open","ping_status":"open","sticky":false,"template":"","format":"standard","meta":{"footnotes":"","_links_to":"","_links_to_target":""},"categories":[1],"tags":[],"class_list":["post-30585","post","type-post","status-publish","format-standard","hentry","category-geral"],"views":2830,"_links":{"self":[{"href":"https:\/\/www.sudoestehoje.com.br\/novoportal\/wp-json\/wp\/v2\/posts\/30585","targetHints":{"allow":["GET"]}}],"collection":[{"href":"https:\/\/www.sudoestehoje.com.br\/novoportal\/wp-json\/wp\/v2\/posts"}],"about":[{"href":"https:\/\/www.sudoestehoje.com.br\/novoportal\/wp-json\/wp\/v2\/types\/post"}],"author":[{"embeddable":true,"href":"https:\/\/www.sudoestehoje.com.br\/novoportal\/wp-json\/wp\/v2\/users\/2"}],"replies":[{"embeddable":true,"href":"https:\/\/www.sudoestehoje.com.br\/novoportal\/wp-json\/wp\/v2\/comments?post=30585"}],"version-history":[{"count":7,"href":"https:\/\/www.sudoestehoje.com.br\/novoportal\/wp-json\/wp\/v2\/posts\/30585\/revisions"}],"predecessor-version":[{"id":30593,"href":"https:\/\/www.sudoestehoje.com.br\/novoportal\/wp-json\/wp\/v2\/posts\/30585\/revisions\/30593"}],"wp:attachment":[{"href":"https:\/\/www.sudoestehoje.com.br\/novoportal\/wp-json\/wp\/v2\/media?parent=30585"}],"wp:term":[{"taxonomy":"category","embeddable":true,"href":"https:\/\/www.sudoestehoje.com.br\/novoportal\/wp-json\/wp\/v2\/categories?post=30585"},{"taxonomy":"post_tag","embeddable":true,"href":"https:\/\/www.sudoestehoje.com.br\/novoportal\/wp-json\/wp\/v2\/tags?post=30585"}],"curies":[{"name":"wp","href":"https:\/\/api.w.org\/{rel}","templated":true}]}}