
{"id":30530,"date":"2013-09-17T13:49:04","date_gmt":"2013-09-17T16:49:04","guid":{"rendered":"http:\/\/www.sudoestehoje.com.br\/novoportal\/?p=30530"},"modified":"2013-09-17T13:49:04","modified_gmt":"2013-09-17T16:49:04","slug":"vereador-amaral-sugere-a-ladi-acabar-com-a-selecao-de-itapetinga","status":"publish","type":"post","link":"https:\/\/www.sudoestehoje.com.br\/novoportal\/2013\/09\/17\/vereador-amaral-sugere-a-ladi-acabar-com-a-selecao-de-itapetinga\/","title":{"rendered":"VEREADOR AMARAL SUGERE \u00c0 LADI ACABAR COM A SELE\u00c7\u00c3O DE ITAPETINGA"},"content":{"rendered":"<p style=\"text-align: center;\"><a href=\"http:\/\/www.sudoestehoje.com.br\/novoportal\/wp-content\/uploads\/2013\/09\/amaral.jpg\"><img decoding=\"async\" class=\"aligncenter  wp-image-30531\" alt=\"amaral\" src=\"http:\/\/www.sudoestehoje.com.br\/novoportal\/wp-content\/uploads\/2013\/09\/amaral.jpg\" width=\"450\" \/><\/a><\/p>\n<p>Confira este coment\u00e1rio que acabamos de receber:<\/p>\n<p><em>&#8220;Ouvindo hoje o Programa de Amaral Junior fiquei indignado com uma sugest\u00e3o que ele deu ao presidente da LADI. Mandou que o mesmo acabasse com a sele\u00e7\u00e3o de Itapetinga e isso demonstra um despreparo parlamentar e at\u00e9 de homem de imprensa desse cidad\u00e3o, pois como \u00e9 que um cara que fica criticando que se acabou com isso e com aquilo em Itapetinga sugere agora que se acabe com algo que \u00e9 uma das paix\u00f5es de nosso povo, que \u00e9 a participa\u00e7\u00e3o da sele\u00e7\u00e3o de Itapetinga no campeonato intermunicipal? Prova disso \u00e9 que os melhores p\u00fablicos est\u00e3o nas rodadas que acontecem aqui. O que ele deveria sugerir era que se apliquem os recursos destinados ao futebol amador de forma correta, que se puna com severidade os jogadores de fora que est\u00e3o fazendo arrua\u00e7as na concentra\u00e7\u00e3o, mas da\u00ed a sugerir que se acabe com a sele\u00e7\u00e3o \u00e9 nadar contra a mar\u00e9. Este \u00e9 um discurso demagogo e oportunista. Sabemos que o futebol \u00e9 uma paix\u00e3o popular e em nossa cidade n\u00e3o se faz diferente. vamos torcer pela nossa sele\u00e7\u00e3o e esperar que ela ven\u00e7a o campeonato intermunicipal, se n\u00e3o conseguir, paci\u00eancia, mas sugerir que se acebe \u00e9 um tremendo absurdo. Deixe de ser hip\u00f3crita senhor radialista.&#8221;<\/em><\/p>\n<p><em>Sudoeste Hoje<\/em><\/p>\n","protected":false},"excerpt":{"rendered":"<p>Confira este coment\u00e1rio que acabamos de receber: &#8220;Ouvindo hoje o Programa de Amaral Junior fiquei indignado com uma sugest\u00e3o que ele deu ao presidente da LADI. Mandou que o mesmo acabasse com a sele\u00e7\u00e3o de Itapetinga e isso demonstra um despreparo parlamentar e at\u00e9 de homem de imprensa desse cidad\u00e3o, pois como \u00e9 que um [&hellip;]<\/p>\n","protected":false},"author":2,"featured_media":0,"comment_status":"open","ping_status":"open","sticky":false,"template":"","format":"standard","meta":{"footnotes":"","_links_to":"","_links_to_target":""},"categories":[1],"tags":[],"class_list":["post-30530","post","type-post","status-publish","format-standard","hentry","category-geral"],"views":1436,"_links":{"self":[{"href":"https:\/\/www.sudoestehoje.com.br\/novoportal\/wp-json\/wp\/v2\/posts\/30530","targetHints":{"allow":["GET"]}}],"collection":[{"href":"https:\/\/www.sudoestehoje.com.br\/novoportal\/wp-json\/wp\/v2\/posts"}],"about":[{"href":"https:\/\/www.sudoestehoje.com.br\/novoportal\/wp-json\/wp\/v2\/types\/post"}],"author":[{"embeddable":true,"href":"https:\/\/www.sudoestehoje.com.br\/novoportal\/wp-json\/wp\/v2\/users\/2"}],"replies":[{"embeddable":true,"href":"https:\/\/www.sudoestehoje.com.br\/novoportal\/wp-json\/wp\/v2\/comments?post=30530"}],"version-history":[{"count":1,"href":"https:\/\/www.sudoestehoje.com.br\/novoportal\/wp-json\/wp\/v2\/posts\/30530\/revisions"}],"predecessor-version":[{"id":30532,"href":"https:\/\/www.sudoestehoje.com.br\/novoportal\/wp-json\/wp\/v2\/posts\/30530\/revisions\/30532"}],"wp:attachment":[{"href":"https:\/\/www.sudoestehoje.com.br\/novoportal\/wp-json\/wp\/v2\/media?parent=30530"}],"wp:term":[{"taxonomy":"category","embeddable":true,"href":"https:\/\/www.sudoestehoje.com.br\/novoportal\/wp-json\/wp\/v2\/categories?post=30530"},{"taxonomy":"post_tag","embeddable":true,"href":"https:\/\/www.sudoestehoje.com.br\/novoportal\/wp-json\/wp\/v2\/tags?post=30530"}],"curies":[{"name":"wp","href":"https:\/\/api.w.org\/{rel}","templated":true}]}}